{"id":19934,"date":"2017-12-19T12:36:06","date_gmt":"2017-12-19T17:36:06","guid":{"rendered":"http:\/\/elinformanteperu.com\/?p=19934"},"modified":"2017-12-19T12:36:06","modified_gmt":"2017-12-19T17:36:06","slug":"partido-ppk-pide-a-fuerzas-politicas-y-ciudadania-defender-la-democracia","status":"publish","type":"post","link":"https:\/\/elinformanteperu.com\/index.php\/2017\/12\/19\/partido-ppk-pide-a-fuerzas-politicas-y-ciudadania-defender-la-democracia\/","title":{"rendered":"Partido PPK pide a fuerzas pol\u00edticas y ciudadan\u00eda defender la democracia"},"content":{"rendered":"<p><strong><span style=\"color: #000000;\">El partido Peruanos por el Kambio expres\u00f3 su respaldo al presidente Pedro Pablo Kuczynski e invoc\u00f3 a las otras fuerzas pol\u00edticas a defender la institucionalidad democr\u00e1tica.<\/span><\/strong><\/p>\n<p><span style=\"color: #000000;\"><strong>Lima, 19 Diciembre 2017, (ANDINA).-<\/strong> El partido Peruanos por el Kambio (PPK) expres\u00f3 su respaldo al presidente Pedro Pablo Kuczynski e invoc\u00f3 a las otras fuerzas pol\u00edticas a defender la institucionalidad democr\u00e1tica y rechazar el pedido de vacancia presidencial en el Congreso.<\/span><\/p>\n<p><span style=\"color: #000000;\">Luego de una reuni\u00f3n del Comit\u00e9 Ejecutivo Nacional de este partido, el secretario nacional de esa agrupci\u00f3n, Jorge Villacorta, pidi\u00f3 que se respete el debido proceso.<\/span><\/p>\n<p><span style=\"color: #000000;\">\u201cInvocamos a los partidos democr\u00e1ticos como Acci\u00f3n Popular, Alianza para el Progreso, Frente Amplio, Nuevo Per\u00fa y la ciudadan\u00eda en general, a defender los valores democr\u00e1ticos y el Estado de derecho a fin de impedir que este jueves se concrete un atentado a la democracia\u201d, sostuvo.<\/span><\/p>\n<p><span style=\"color: #000000;\">Villacorta indic\u00f3 que este llamado es para defender el Estado democr\u00e1tico en el Per\u00fa, frente al accionar de la bancada mayoritaria en el Congreso, que tendr\u00eda una actitud \u201cobstruccionista\u201d, dado que meses atr\u00e1s permiti\u00f3 la censura de ministros de importantes carteras.<\/span><\/p>\n<p><span style=\"color: #000000;\">\u201cAhora pretenden la vacancia presidencial priorizando sus apetitos de poder a espaldas de la voluntad popular (\u2026) tambi\u00e9n pretenden atentar contra dos instituciones fundamentales en la vida democr\u00e1tica como el Tribunal Constitucional y el Ministerio P\u00fablico\u201d, dijo al referirse a la bancada de Fuerza Popular.<\/span><\/p>\n<p><span style=\"color: #000000;\">Villacorta, en presencia de simpatizantes del partido PPK, rechaz\u00f3 que se pretenda hacer un \u00abgolpe de Estado\u00bb con el proceso de vacancia que se inici\u00f3 en el Poder Legislativo.<\/span><\/p>\n<p><span style=\"color: #000000;\">El pleno del Congreso aprob\u00f3 la admisi\u00f3n de la Moci\u00f3n del Orden del D\u00eda en la que se solicita declarar la vacancia del presidente Pedro Pablo Kuczynski por una supuesta incapacidad moral.<\/span><\/p>\n<p><span style=\"color: #000000;\">El siguiente paso fue citar al presidente Kuczynski el jueves 21 de diciembre a las 09:00 horas para que se presente ante la Representaci\u00f3n Nacional y ejerza su derecho a la defensa.<\/span><\/p>\n","protected":false},"excerpt":{"rendered":"<p>El partido Peruanos por el Kambio expres\u00f3 su respaldo al presidente Pedro Pablo Kuczynski e invoc\u00f3 a las otras fuerzas pol\u00edticas a defender la institucionalidad democr\u00e1tica. Lima, 19 Diciembre 2017, (ANDINA).- El partido Peruanos por el Kambio (PPK) expres\u00f3 su respaldo al presidente Pedro Pablo Kuczynski e invoc\u00f3 a las otras fuerzas pol\u00edticas a defender [&hellip;]<\/p>\n","protected":false},"author":1,"featured_media":19935,"comment_status":"open","ping_status":"open","sticky":false,"template":"","format":"standard","meta":{"rop_custom_images_group":[],"rop_custom_messages_group":[],"rop_publish_now":"initial","rop_publish_now_accounts":[],"rop_publish_now_history":[],"rop_publish_now_status":"pending","footnotes":""},"categories":[5],"tags":[192,165,2577],"class_list":["post-19934","post","type-post","status-publish","format-standard","has-post-thumbnail","hentry","category-actualidad-informativa","tag-congreso","tag-peruanos-por-el-kambio","tag-vacancia-ppk"],"_links":{"self":[{"href":"https:\/\/elinformanteperu.com\/index.php\/wp-json\/wp\/v2\/posts\/19934","targetHints":{"allow":["GET"]}}],"collection":[{"href":"https:\/\/elinformanteperu.com\/index.php\/wp-json\/wp\/v2\/posts"}],"about":[{"href":"https:\/\/elinformanteperu.com\/index.php\/wp-json\/wp\/v2\/types\/post"}],"author":[{"embeddable":true,"href":"https:\/\/elinformanteperu.com\/index.php\/wp-json\/wp\/v2\/users\/1"}],"replies":[{"embeddable":true,"href":"https:\/\/elinformanteperu.com\/index.php\/wp-json\/wp\/v2\/comments?post=19934"}],"version-history":[{"count":1,"href":"https:\/\/elinformanteperu.com\/index.php\/wp-json\/wp\/v2\/posts\/19934\/revisions"}],"predecessor-version":[{"id":19936,"href":"https:\/\/elinformanteperu.com\/index.php\/wp-json\/wp\/v2\/posts\/19934\/revisions\/19936"}],"wp:featuredmedia":[{"embeddable":true,"href":"https:\/\/elinformanteperu.com\/index.php\/wp-json\/wp\/v2\/media\/19935"}],"wp:attachment":[{"href":"https:\/\/elinformanteperu.com\/index.php\/wp-json\/wp\/v2\/media?parent=19934"}],"wp:term":[{"taxonomy":"category","embeddable":true,"href":"https:\/\/elinformanteperu.com\/index.php\/wp-json\/wp\/v2\/categories?post=19934"},{"taxonomy":"post_tag","embeddable":true,"href":"https:\/\/elinformanteperu.com\/index.php\/wp-json\/wp\/v2\/tags?post=19934"}],"curies":[{"name":"wp","href":"https:\/\/api.w.org\/{rel}","templated":true}]}}