{"id":19921,"date":"2017-12-19T11:56:59","date_gmt":"2017-12-19T16:56:59","guid":{"rendered":"http:\/\/elinformanteperu.com\/?p=19921"},"modified":"2017-12-19T11:56:59","modified_gmt":"2017-12-19T16:56:59","slug":"kuczynski-reprograman-para-el-28-de-diciembre-cita-en-ministerio-publico","status":"publish","type":"post","link":"https:\/\/elinformanteperu.com\/index.php\/2017\/12\/19\/kuczynski-reprograman-para-el-28-de-diciembre-cita-en-ministerio-publico\/","title":{"rendered":"Kuczynski: reprograman para el 28 de diciembre cita en Ministerio P\u00fablico"},"content":{"rendered":"<p><strong><span style=\"color: #000000;\">El Ministerio P\u00fablico dispuso reprogramar para el pr\u00f3ximo jueves 28 de diciembre, a las 9:30 horas, la cita con el presidente, Pedro Pablo Kuczynski.<\/span><\/strong><\/p>\n<p><span style=\"color: #000000;\"><strong>Lima, 18 Diciembre 2017, (ANDINA).-<\/strong> El Equipo Especial del Ministerio P\u00fablico para el caso Odebrecht dispuso reprogramar para el pr\u00f3ximo jueves 28 de diciembre, a las 9:30 horas, la cita con el presidente de la Rep\u00fablica, Pedro Pablo Kuczynski.<\/span><\/p>\n<p><span style=\"color: #000000;\">La medida fue adoptada tras la solicitud de reprogramaci\u00f3n presentada por el propio mandatario, quien deber\u00e1 brindar su declaraci\u00f3n como parte de la investigaci\u00f3n preliminar por los hechos relacionados con las empresas First Capital, Latin American Enterprise y Westfield Capital, entre otras.<\/span><\/p>\n<p><span style=\"color: #000000;\">Asimismo, se dispuso recibir la declaraci\u00f3n del ciudadano chileno Gerardo Sep\u00falveda Quezada el pr\u00f3ximo 29 de diciembre, a las 9.30 horas.<\/span><\/p>\n<p><span style=\"color: #000000;\">En tal sentido, el Equipo Especial expidi\u00f3 una solicitud de asistencia de cooperaci\u00f3n judicial internacional a las autoridades chilenas, as\u00ed como diversos requerimientos de informaci\u00f3n registral y bancaria de dichas empresas, tanto en el Per\u00fa como en el exterior.<\/span><\/p>\n<p><span style=\"color: #000000;\">Como se recuerda, el Ministerio P\u00fablico cit\u00f3, en un principio, al jefe de Estado para el 21 de diciembre, con la finalidad de esclarecer los presuntos pagos realizados por Odebrecht a empresas vinculadas con el mandatario.<\/span><\/p>\n<p><span style=\"color: #000000;\">No obstante, ese d\u00eda el jefe del Estado deber\u00e1 presentarse ante el Congreso para defenderse de las acusaciones que motivaron la vacancia.<\/span><\/p>\n","protected":false},"excerpt":{"rendered":"<p>El Ministerio P\u00fablico dispuso reprogramar para el pr\u00f3ximo jueves 28 de diciembre, a las 9:30 horas, la cita con el presidente, Pedro Pablo Kuczynski. Lima, 18 Diciembre 2017, (ANDINA).- El Equipo Especial del Ministerio P\u00fablico para el caso Odebrecht dispuso reprogramar para el pr\u00f3ximo jueves 28 de diciembre, a las 9:30 horas, la cita con [&hellip;]<\/p>\n","protected":false},"author":1,"featured_media":4479,"comment_status":"open","ping_status":"open","sticky":false,"template":"","format":"standard","meta":{"rop_custom_images_group":[],"rop_custom_messages_group":[],"rop_publish_now":"initial","rop_publish_now_accounts":[],"rop_publish_now_history":[],"rop_publish_now_status":"pending","footnotes":""},"categories":[5],"tags":[192,2574,370,619,74],"class_list":["post-19921","post","type-post","status-publish","format-standard","has-post-thumbnail","hentry","category-actualidad-informativa","tag-congreso","tag-gerardo-sepulveda","tag-ministerio-publico","tag-odebrecht","tag-pedro-pablo-kuczynski"],"_links":{"self":[{"href":"https:\/\/elinformanteperu.com\/index.php\/wp-json\/wp\/v2\/posts\/19921","targetHints":{"allow":["GET"]}}],"collection":[{"href":"https:\/\/elinformanteperu.com\/index.php\/wp-json\/wp\/v2\/posts"}],"about":[{"href":"https:\/\/elinformanteperu.com\/index.php\/wp-json\/wp\/v2\/types\/post"}],"author":[{"embeddable":true,"href":"https:\/\/elinformanteperu.com\/index.php\/wp-json\/wp\/v2\/users\/1"}],"replies":[{"embeddable":true,"href":"https:\/\/elinformanteperu.com\/index.php\/wp-json\/wp\/v2\/comments?post=19921"}],"version-history":[{"count":1,"href":"https:\/\/elinformanteperu.com\/index.php\/wp-json\/wp\/v2\/posts\/19921\/revisions"}],"predecessor-version":[{"id":19922,"href":"https:\/\/elinformanteperu.com\/index.php\/wp-json\/wp\/v2\/posts\/19921\/revisions\/19922"}],"wp:featuredmedia":[{"embeddable":true,"href":"https:\/\/elinformanteperu.com\/index.php\/wp-json\/wp\/v2\/media\/4479"}],"wp:attachment":[{"href":"https:\/\/elinformanteperu.com\/index.php\/wp-json\/wp\/v2\/media?parent=19921"}],"wp:term":[{"taxonomy":"category","embeddable":true,"href":"https:\/\/elinformanteperu.com\/index.php\/wp-json\/wp\/v2\/categories?post=19921"},{"taxonomy":"post_tag","embeddable":true,"href":"https:\/\/elinformanteperu.com\/index.php\/wp-json\/wp\/v2\/tags?post=19921"}],"curies":[{"name":"wp","href":"https:\/\/api.w.org\/{rel}","templated":true}]}}