{"id":19912,"date":"2017-12-19T11:47:20","date_gmt":"2017-12-19T16:47:20","guid":{"rendered":"http:\/\/elinformanteperu.com\/?p=19912"},"modified":"2017-12-19T11:47:20","modified_gmt":"2017-12-19T16:47:20","slug":"resolucion-de-corte-idh-es-obligatoria-y-no-solo-una-recomendacion","status":"publish","type":"post","link":"https:\/\/elinformanteperu.com\/index.php\/2017\/12\/19\/resolucion-de-corte-idh-es-obligatoria-y-no-solo-una-recomendacion\/","title":{"rendered":"Resoluci\u00f3n de Corte IDH es obligatoria y no solo una recomendaci\u00f3n"},"content":{"rendered":"<p><strong><span style=\"color: #000000;\">Es obligatoria la resoluci\u00f3n de la Corte Interamericana de Derechos Humanos, requiriendo al Estado suspender el procedimiento de acusaci\u00f3n constitucional contra cuatro magistrados del Tribunal Constitucional.<\/span><\/strong><\/p>\n<p><span style=\"color: #000000;\"><strong>Lima, 18 Diciembre 2017, (ANDINA).-<\/strong> Es obligatoria y no solo una recomendaci\u00f3n la resoluci\u00f3n de la Corte Interamericana de Derechos Humanos (Corte IDH), requiriendo al Estado suspender el procedimiento de acusaci\u00f3n constitucional contra cuatro magistrados del Tribunal Constitucional, asegur\u00f3 el director del Instituto de Defensa Legal (IDL), Carlos Rivera.<\/span><\/p>\n<p><span style=\"color: #000000;\">\u201cNo es una recomendaci\u00f3n, es una disposici\u00f3n del presidente de la Corte Interamericana Eduardo Ferrer Mac Gregor Poisot. Tiene que cumplirse obligatoriamente, ese es el sentido de la decisi\u00f3n\u201d, manifest\u00f3 en Ideeleradio.<\/span><\/p>\n<p><span style=\"color: #000000;\">En ese sentido, desestim\u00f3 la posici\u00f3n del titular del Congreso, Luis Galarreta, quien adelant\u00f3 que \u201cevaluar\u00edan\u201d dicha decisi\u00f3n porque el organismo supranacional deber\u00eda ser respetuoso de la autonom\u00eda del Per\u00fa.<\/span><\/p>\n<p><span style=\"color: #000000;\">\u201cLa Convenci\u00f3n Interamericana fue firmada por el Estado peruano. El Congreso es parte fundamental de uno de los tres poderes del Estado y ese tipo de decisiones son de obligatorio cumplimiento del conjunto y de todas las autoridades p\u00fablicas del Estado peruano\u201d, reiter\u00f3.<\/span><\/p>\n<p><span style=\"color: #000000;\">Rivera precis\u00f3 que si el Parlamento Nacional no cumple con el mandato de la Corte IDH se generar\u00eda \u201cun nivel de responsabilidad internacional del Estado\u201d.<\/span><\/p>\n<p><span style=\"color: #000000;\">Adem\u00e1s, coment\u00f3 que el 2 de febrero se realizar\u00e1 la audiencia de supervisi\u00f3n de cumplimiento del caso El Front\u00f3n, fecha en la que se evaluar\u00eda la conducta del Per\u00fa con respecto a lo decidido por este tribunal.<\/span><\/p>\n<p><span style=\"color: #000000;\">\u201cLa disposici\u00f3n da cuenta de que el Estado peruano est\u00e1 obligado por principio del derecho internacional, y de no hacerlo, refiere la resoluci\u00f3n, se va a generar un nivel de responsabilidad internacional del Estado. Esa responsabilidad internacional del Estado la tendr\u00e1 que precisar la Corte Interamericana\u201d, se\u00f1al\u00f3.<\/span><\/p>\n<p><span style=\"color: #000000;\">Como se recuerda, en la v\u00edspera la Corte IDH resolvi\u00f3 requerir al Estado peruano a suspender, de inmediato, el procedimiento de acusaci\u00f3n constitucional contra Manuel Miranda, Marianella Ledesma, Carlos Ramos y Eloy Espinosa.<\/span><\/p>\n<p><span style=\"color: #000000;\">La semana pasada, la Subcomisi\u00f3n de Acusaciones Constitucionales del Congreso recomend\u00f3 destituir al magistrado Espinosa por 10 a\u00f1os y suspender a los tres restantes.<\/span><\/p>\n","protected":false},"excerpt":{"rendered":"<p>Es obligatoria la resoluci\u00f3n de la Corte Interamericana de Derechos Humanos, requiriendo al Estado suspender el procedimiento de acusaci\u00f3n constitucional contra cuatro magistrados del Tribunal Constitucional. Lima, 18 Diciembre 2017, (ANDINA).- Es obligatoria y no solo una recomendaci\u00f3n la resoluci\u00f3n de la Corte Interamericana de Derechos Humanos (Corte IDH), requiriendo al Estado suspender el procedimiento [&hellip;]<\/p>\n","protected":false},"author":1,"featured_media":19913,"comment_status":"open","ping_status":"open","sticky":false,"template":"","format":"standard","meta":{"rop_custom_images_group":[],"rop_custom_messages_group":[],"rop_publish_now":"initial","rop_publish_now_accounts":[],"rop_publish_now_history":[],"rop_publish_now_status":"pending","footnotes":""},"categories":[5],"tags":[192,2578,382,1401],"class_list":["post-19912","post","type-post","status-publish","format-standard","has-post-thumbnail","hentry","category-actualidad-informativa","tag-congreso","tag-corte-interamericana-de-derechos-humanos","tag-luis-galarreta","tag-tribunal-constitucional"],"_links":{"self":[{"href":"https:\/\/elinformanteperu.com\/index.php\/wp-json\/wp\/v2\/posts\/19912","targetHints":{"allow":["GET"]}}],"collection":[{"href":"https:\/\/elinformanteperu.com\/index.php\/wp-json\/wp\/v2\/posts"}],"about":[{"href":"https:\/\/elinformanteperu.com\/index.php\/wp-json\/wp\/v2\/types\/post"}],"author":[{"embeddable":true,"href":"https:\/\/elinformanteperu.com\/index.php\/wp-json\/wp\/v2\/users\/1"}],"replies":[{"embeddable":true,"href":"https:\/\/elinformanteperu.com\/index.php\/wp-json\/wp\/v2\/comments?post=19912"}],"version-history":[{"count":1,"href":"https:\/\/elinformanteperu.com\/index.php\/wp-json\/wp\/v2\/posts\/19912\/revisions"}],"predecessor-version":[{"id":19914,"href":"https:\/\/elinformanteperu.com\/index.php\/wp-json\/wp\/v2\/posts\/19912\/revisions\/19914"}],"wp:featuredmedia":[{"embeddable":true,"href":"https:\/\/elinformanteperu.com\/index.php\/wp-json\/wp\/v2\/media\/19913"}],"wp:attachment":[{"href":"https:\/\/elinformanteperu.com\/index.php\/wp-json\/wp\/v2\/media?parent=19912"}],"wp:term":[{"taxonomy":"category","embeddable":true,"href":"https:\/\/elinformanteperu.com\/index.php\/wp-json\/wp\/v2\/categories?post=19912"},{"taxonomy":"post_tag","embeddable":true,"href":"https:\/\/elinformanteperu.com\/index.php\/wp-json\/wp\/v2\/tags?post=19912"}],"curies":[{"name":"wp","href":"https:\/\/api.w.org\/{rel}","templated":true}]}}