{"id":19908,"date":"2017-12-19T11:41:26","date_gmt":"2017-12-19T16:41:26","guid":{"rendered":"http:\/\/elinformanteperu.com\/?p=19908"},"modified":"2017-12-19T11:42:17","modified_gmt":"2017-12-19T16:42:17","slug":"luz-salgado-niega-intencion-golpista-en-el-congreso-de-la-republica","status":"publish","type":"post","link":"https:\/\/elinformanteperu.com\/index.php\/2017\/12\/19\/luz-salgado-niega-intencion-golpista-en-el-congreso-de-la-republica\/","title":{"rendered":"Luz Salgado niega intenci\u00f3n golpista en el Congreso de la Rep\u00fablica"},"content":{"rendered":"<p><strong><span style=\"color: #000000;\">No hay ning\u00fan golpe de Estado desde el Congreso de la Rep\u00fablica con el pedido de vacancia presidencial, dijo hoy la congresista Luz Salgado (FP).<\/span><\/strong><\/p>\n<p><span style=\"color: #000000;\"><strong>Lima, 18 Diciembre 2017, (ANDINA).-<\/strong> No hay ning\u00fan golpe de Estado desde el Congreso de la Rep\u00fablica con el pedido de vacancia presidencial, dijo hoy la congresista Luz Salgado (FP), quien asegur\u00f3 que el Parlamento solo est\u00e1 cumpliendo su rol de control pol\u00edtico.<\/span><\/p>\n<p><span style=\"color: #000000;\">\u201cLos hechos denunciados causan incertidumbre, pero el Congreso debe cumplir su rol de control pol\u00edtico; la tarea no es grata; siempre respetando el orden constitucional, se cumple todos los plazos\u201d, asegur\u00f3.<\/span><\/p>\n<p><span style=\"color: #000000;\">Salgado refiri\u00f3 que el jueves, durante de la sesi\u00f3n de vacancia, el presidente Pedro Pablo Kuczynski, podr\u00e1 hacer uso de los 60 minutos reglamentarios o m\u00e1s, para mostrar los documentos que considere oportunos en su defensa.<\/span><\/p>\n<p><span style=\"color: #000000;\">En ese sentido, neg\u00f3 que haya intenci\u00f3n de aprobar una \u201cvacancia express\u201d, pues est\u00e1n cumpliendo con la Constituci\u00f3n con el objetivo de evitar que la gobernabilidad sea afectada.<\/span><\/p>\n<p><span style=\"color: #000000;\">\u201cUn escenario de elecciones pr\u00f3ximas no es lo mejor, creo que obligar a renunciar a los dos vicepresidentes para deshacerse de un Congreso con una mayor\u00eda fujimorista que el pueblo le ha entregado, ser\u00eda equivocado\u201d, refri\u00f3.<\/span><\/p>\n<p><span style=\"color: #000000;\">Salgado dijo esperar que el jueves los congresistas no se enfermen o se ausenten de la sesi\u00f3n plenaria y que cumplan con su responsabilidad de votar la moci\u00f3n de vacancia.<\/span><\/p>\n<p><span style=\"color: #000000;\">\u201cLas abstenciones en este caso no son v\u00e1lidas, hay que tomar decisiones fuertes en algunos momentos y decisiones a favor del Estado\u201d, refiri\u00f3.<\/span><\/p>\n<p><span style=\"color: #000000;\">Dijo, asimismo, ser de la opini\u00f3n que el primer vicepresidente Mart\u00edn Vizcarra retorne al pa\u00eds por s\u00ed el jueves se alcanza los votos suficientes para aprobar la vacancia.<\/span><\/p>\n","protected":false},"excerpt":{"rendered":"<p>No hay ning\u00fan golpe de Estado desde el Congreso de la Rep\u00fablica con el pedido de vacancia presidencial, dijo hoy la congresista Luz Salgado (FP). Lima, 18 Diciembre 2017, (ANDINA).- No hay ning\u00fan golpe de Estado desde el Congreso de la Rep\u00fablica con el pedido de vacancia presidencial, dijo hoy la congresista Luz Salgado (FP), [&hellip;]<\/p>\n","protected":false},"author":1,"featured_media":19909,"comment_status":"open","ping_status":"open","sticky":false,"template":"","format":"standard","meta":{"rop_custom_images_group":[],"rop_custom_messages_group":[],"rop_publish_now":"initial","rop_publish_now_accounts":[],"rop_publish_now_history":[],"rop_publish_now_status":"pending","footnotes":""},"categories":[5],"tags":[192,296,74,2577],"class_list":["post-19908","post","type-post","status-publish","format-standard","has-post-thumbnail","hentry","category-actualidad-informativa","tag-congreso","tag-luz-salgado","tag-pedro-pablo-kuczynski","tag-vacancia-ppk"],"_links":{"self":[{"href":"https:\/\/elinformanteperu.com\/index.php\/wp-json\/wp\/v2\/posts\/19908","targetHints":{"allow":["GET"]}}],"collection":[{"href":"https:\/\/elinformanteperu.com\/index.php\/wp-json\/wp\/v2\/posts"}],"about":[{"href":"https:\/\/elinformanteperu.com\/index.php\/wp-json\/wp\/v2\/types\/post"}],"author":[{"embeddable":true,"href":"https:\/\/elinformanteperu.com\/index.php\/wp-json\/wp\/v2\/users\/1"}],"replies":[{"embeddable":true,"href":"https:\/\/elinformanteperu.com\/index.php\/wp-json\/wp\/v2\/comments?post=19908"}],"version-history":[{"count":2,"href":"https:\/\/elinformanteperu.com\/index.php\/wp-json\/wp\/v2\/posts\/19908\/revisions"}],"predecessor-version":[{"id":19911,"href":"https:\/\/elinformanteperu.com\/index.php\/wp-json\/wp\/v2\/posts\/19908\/revisions\/19911"}],"wp:featuredmedia":[{"embeddable":true,"href":"https:\/\/elinformanteperu.com\/index.php\/wp-json\/wp\/v2\/media\/19909"}],"wp:attachment":[{"href":"https:\/\/elinformanteperu.com\/index.php\/wp-json\/wp\/v2\/media?parent=19908"}],"wp:term":[{"taxonomy":"category","embeddable":true,"href":"https:\/\/elinformanteperu.com\/index.php\/wp-json\/wp\/v2\/categories?post=19908"},{"taxonomy":"post_tag","embeddable":true,"href":"https:\/\/elinformanteperu.com\/index.php\/wp-json\/wp\/v2\/tags?post=19908"}],"curies":[{"name":"wp","href":"https:\/\/api.w.org\/{rel}","templated":true}]}}