{"id":19871,"date":"2017-12-17T19:54:19","date_gmt":"2017-12-18T00:54:19","guid":{"rendered":"http:\/\/elinformanteperu.com\/?p=19871"},"modified":"2017-12-17T19:54:19","modified_gmt":"2017-12-18T00:54:19","slug":"miles-de-personas-marcharon-en-lima-contra-acciones-del-fujimorismo","status":"publish","type":"post","link":"https:\/\/elinformanteperu.com\/index.php\/2017\/12\/17\/miles-de-personas-marcharon-en-lima-contra-acciones-del-fujimorismo\/","title":{"rendered":"Miles de personas marcharon en Lima contra acciones del fujimorismo"},"content":{"rendered":"<p><strong><span style=\"color: #000000;\">La Plaza San Mart\u00edn fue el epicentro de una nutrida marcha en la que miles de personas protestaron contra las acciones del partido pol\u00edtico fujimorista Fuerza Popular.<\/span><\/strong><\/p>\n<p><span style=\"color: #000000;\"><strong>Lima, 16 Diciembre 2017, (ANDINA).-<\/strong> La Plaza San Mart\u00edn fue el epicentro de una nutrida marcha en la que miles de personas protestaron contra las acciones del partido pol\u00edtico fujimorista Fuerza Popular a cuyos miembros consideran responsables de intentar un \u00abgolpe de Estado\u00bb en el pa\u00eds.<\/span><\/p>\n<p><span style=\"color: #000000;\">Dicha manifestaci\u00f3n de protesta fue organizada por el colectivo \u201cNo a Keiko\u201d, colectivo que aglutina a ciudadanos opuestos a la lideresa de Fuerza Popular, Keiko Fujimori, y que en el pasado ha organizado marchas similares contra su candidatura.<\/span><\/p>\n<p><span style=\"color: #000000;\">La marcha cont\u00f3 con la asistencia de miles de personas que lanzaban consignas en contra de la vacancia presidencial y impulsada por los miembros de Fuerza Popular, a quienes acusan de pretender asestar un \u201cgolpe de Estado\u201d al vacar al Presidente de la Rep\u00fablica, destituir al fiscal de la Naci\u00f3n y copar el Tribunal Contitucional.<\/span><\/p>\n<p><span style=\"color: #000000;\">\u201cDemocracia s\u00ed, dictadura no\u201d, fue uno de los lemas m\u00e1s entonados.<\/span><\/p>\n<p><span style=\"color: #000000;\">Los manifestantes se reunieron a partir de la 16.00 horas en la Plaza San Mart\u00edn y desde all\u00ed enrumbaron por las avenidas La Colmena, Wilson, Plaza Grau, entre otras principales arterias del centro de Lima.<\/span><\/p>\n<p><span style=\"color: #000000;\">Est\u00e1 previsto que la marcha culmine en las pr\u00f3ximas horas en la Plaza San Mart\u00edn.<\/span><\/p>\n<p><span style=\"color: #000000;\">EL Congreso votar\u00e1 el pr\u00f3ximo jueves la moci\u00f3n que plantea censurar al presidente Pedro Pablo Kuczynski por los presuntos v\u00ednculos de sus empresas con Odebrecht.<\/span><\/p>\n","protected":false},"excerpt":{"rendered":"<p>La Plaza San Mart\u00edn fue el epicentro de una nutrida marcha en la que miles de personas protestaron contra las acciones del partido pol\u00edtico fujimorista Fuerza Popular. Lima, 16 Diciembre 2017, (ANDINA).- La Plaza San Mart\u00edn fue el epicentro de una nutrida marcha en la que miles de personas protestaron contra las acciones del partido [&hellip;]<\/p>\n","protected":false},"author":1,"featured_media":19872,"comment_status":"open","ping_status":"open","sticky":false,"template":"","format":"standard","meta":{"rop_custom_images_group":[],"rop_custom_messages_group":[],"rop_publish_now":"initial","rop_publish_now_accounts":[],"rop_publish_now_history":[],"rop_publish_now_status":"pending","footnotes":""},"categories":[5],"tags":[295,2575,74],"class_list":["post-19871","post","type-post","status-publish","format-standard","has-post-thumbnail","hentry","category-actualidad-informativa","tag-fuerza-popular","tag-no-a-keiko","tag-pedro-pablo-kuczynski"],"_links":{"self":[{"href":"https:\/\/elinformanteperu.com\/index.php\/wp-json\/wp\/v2\/posts\/19871","targetHints":{"allow":["GET"]}}],"collection":[{"href":"https:\/\/elinformanteperu.com\/index.php\/wp-json\/wp\/v2\/posts"}],"about":[{"href":"https:\/\/elinformanteperu.com\/index.php\/wp-json\/wp\/v2\/types\/post"}],"author":[{"embeddable":true,"href":"https:\/\/elinformanteperu.com\/index.php\/wp-json\/wp\/v2\/users\/1"}],"replies":[{"embeddable":true,"href":"https:\/\/elinformanteperu.com\/index.php\/wp-json\/wp\/v2\/comments?post=19871"}],"version-history":[{"count":1,"href":"https:\/\/elinformanteperu.com\/index.php\/wp-json\/wp\/v2\/posts\/19871\/revisions"}],"predecessor-version":[{"id":19873,"href":"https:\/\/elinformanteperu.com\/index.php\/wp-json\/wp\/v2\/posts\/19871\/revisions\/19873"}],"wp:featuredmedia":[{"embeddable":true,"href":"https:\/\/elinformanteperu.com\/index.php\/wp-json\/wp\/v2\/media\/19872"}],"wp:attachment":[{"href":"https:\/\/elinformanteperu.com\/index.php\/wp-json\/wp\/v2\/media?parent=19871"}],"wp:term":[{"taxonomy":"category","embeddable":true,"href":"https:\/\/elinformanteperu.com\/index.php\/wp-json\/wp\/v2\/categories?post=19871"},{"taxonomy":"post_tag","embeddable":true,"href":"https:\/\/elinformanteperu.com\/index.php\/wp-json\/wp\/v2\/tags?post=19871"}],"curies":[{"name":"wp","href":"https:\/\/api.w.org\/{rel}","templated":true}]}}