{"id":19865,"date":"2017-12-17T19:29:10","date_gmt":"2017-12-18T00:29:10","guid":{"rendered":"http:\/\/elinformanteperu.com\/?p=19865"},"modified":"2017-12-17T19:29:10","modified_gmt":"2017-12-18T00:29:10","slug":"vacancia-cipriani-pide-respetar-al-presidente-pedro-pablo-kuczynski","status":"publish","type":"post","link":"https:\/\/elinformanteperu.com\/index.php\/2017\/12\/17\/vacancia-cipriani-pide-respetar-al-presidente-pedro-pablo-kuczynski\/","title":{"rendered":"Vacancia: Cipriani pide respetar al presidente Pedro Pablo Kuczynski"},"content":{"rendered":"<p><strong><span style=\"color: #000000;\">El cardenal Juan Luis Cipriani se pronunci\u00f3 sobre la moci\u00f3n de vacancia presidencial que se votar\u00e1 el pr\u00f3ximo jueves en el Congreso.<\/span><\/strong><\/p>\n<p><span style=\"color: #000000;\"><strong>Lima, 16 Diciembre 2017, (ANDINA).-<\/strong> El cardenal Juan Luis Cipriani se pronunci\u00f3 sobre la moci\u00f3n de vacancia presidencial que se votar\u00e1 el pr\u00f3ximo jueves en el Congreso y dijo que se debe apostar por el respeto al presidente Pedro Pablo Kuczynski.<\/span><\/p>\n<p><span style=\"color: #000000;\">Refiri\u00f3 que se deben cuidar las formas porque el Presidente de la Rep\u00fablica representa la instituci\u00f3n m\u00e1s importante del pa\u00eds.<\/span><\/p>\n<p><span style=\"color: #000000;\">\u201cQuiero decirle al pa\u00eds, unidad, serenidad, respeto a la Constituci\u00f3n y a la continuidad\u201d, asever\u00f3 en una entrevista en RPP.<\/span><\/p>\n<p><span style=\"color: #000000;\">Para Cipriani, no se debe sacar ventaja de este tema, generando caos, porque se trata de \u201cuna situaci\u00f3n dolorosa contra alguien que hizo mucho por el pa\u00eds\u201d.<\/span><\/p>\n<p><span style=\"color: #000000;\">\u201cLa situaci\u00f3n del pa\u00eds es un tema pol\u00edtico. Quiero hacer una reflexi\u00f3n ajena al ritmo de la pol\u00edtica. No se puede hacer le\u00f1a del \u00e1rbol ca\u00eddo, el modo que uno se expresa del se\u00f1or presidente no puede ser ni de agravio ni de burla\u201d, afirm\u00f3.<\/span><\/p>\n<p><span style=\"color: #000000;\">Para Cipriani \u201cla patria somos todos, no un grupo de congresistas\u201d y por ello todos los ciudadanos est\u00e1n llamados a pacificar los \u00e1nimos.<\/span><\/p>\n<p><span style=\"color: #000000;\">\u201cDesde aqu\u00ed mi saludo y bendici\u00f3n al se\u00f1or presidente y su familia, no es f\u00e1cil lo que est\u00e1 pasando\u201d, acot\u00f3.<\/span><\/p>\n","protected":false},"excerpt":{"rendered":"<p>El cardenal Juan Luis Cipriani se pronunci\u00f3 sobre la moci\u00f3n de vacancia presidencial que se votar\u00e1 el pr\u00f3ximo jueves en el Congreso. Lima, 16 Diciembre 2017, (ANDINA).- El cardenal Juan Luis Cipriani se pronunci\u00f3 sobre la moci\u00f3n de vacancia presidencial que se votar\u00e1 el pr\u00f3ximo jueves en el Congreso y dijo que se debe apostar [&hellip;]<\/p>\n","protected":false},"author":1,"featured_media":19866,"comment_status":"open","ping_status":"open","sticky":false,"template":"","format":"standard","meta":{"rop_custom_images_group":[],"rop_custom_messages_group":[],"rop_publish_now":"initial","rop_publish_now_accounts":[],"rop_publish_now_history":[],"rop_publish_now_status":"pending","footnotes":""},"categories":[5],"tags":[556,74],"class_list":["post-19865","post","type-post","status-publish","format-standard","has-post-thumbnail","hentry","category-actualidad-informativa","tag-juan-luis-cipriani","tag-pedro-pablo-kuczynski"],"_links":{"self":[{"href":"https:\/\/elinformanteperu.com\/index.php\/wp-json\/wp\/v2\/posts\/19865","targetHints":{"allow":["GET"]}}],"collection":[{"href":"https:\/\/elinformanteperu.com\/index.php\/wp-json\/wp\/v2\/posts"}],"about":[{"href":"https:\/\/elinformanteperu.com\/index.php\/wp-json\/wp\/v2\/types\/post"}],"author":[{"embeddable":true,"href":"https:\/\/elinformanteperu.com\/index.php\/wp-json\/wp\/v2\/users\/1"}],"replies":[{"embeddable":true,"href":"https:\/\/elinformanteperu.com\/index.php\/wp-json\/wp\/v2\/comments?post=19865"}],"version-history":[{"count":1,"href":"https:\/\/elinformanteperu.com\/index.php\/wp-json\/wp\/v2\/posts\/19865\/revisions"}],"predecessor-version":[{"id":19867,"href":"https:\/\/elinformanteperu.com\/index.php\/wp-json\/wp\/v2\/posts\/19865\/revisions\/19867"}],"wp:featuredmedia":[{"embeddable":true,"href":"https:\/\/elinformanteperu.com\/index.php\/wp-json\/wp\/v2\/media\/19866"}],"wp:attachment":[{"href":"https:\/\/elinformanteperu.com\/index.php\/wp-json\/wp\/v2\/media?parent=19865"}],"wp:term":[{"taxonomy":"category","embeddable":true,"href":"https:\/\/elinformanteperu.com\/index.php\/wp-json\/wp\/v2\/categories?post=19865"},{"taxonomy":"post_tag","embeddable":true,"href":"https:\/\/elinformanteperu.com\/index.php\/wp-json\/wp\/v2\/tags?post=19865"}],"curies":[{"name":"wp","href":"https:\/\/api.w.org\/{rel}","templated":true}]}}