{"id":19852,"date":"2017-12-15T01:00:44","date_gmt":"2017-12-15T06:00:44","guid":{"rendered":"http:\/\/elinformanteperu.com\/?p=19852"},"modified":"2017-12-15T01:00:44","modified_gmt":"2017-12-15T06:00:44","slug":"presidente-kuczynski-pide-el-levantamiento-de-su-secreto-bancario","status":"publish","type":"post","link":"https:\/\/elinformanteperu.com\/index.php\/2017\/12\/15\/presidente-kuczynski-pide-el-levantamiento-de-su-secreto-bancario\/","title":{"rendered":"Presidente Kuczynski pide el levantamiento de su secreto bancario"},"content":{"rendered":"<p><strong><span style=\"color: #000000;\">El presidente, Pedro Pablo Kuczynski, se\u00f1al\u00f3 que no renunciar\u00e1 a la Presidencia de la Rep\u00fablica y pidi\u00f3 a la fiscal\u00eda el levantamiento de su secreto bancario.<\/span><\/strong><\/p>\n<p><span style=\"color: #000000;\"><strong>Lima, 14 Diciembre 2017, (ANDINA).-<\/strong> El jefe del Estado, Pedro Pablo Kuczynski, se\u00f1al\u00f3 que no renunciar\u00e1 a la Presidencia de la Rep\u00fablica y pidi\u00f3 a la fiscal\u00eda el levantamiento de su secreto bancario.<\/span><\/p>\n<p><span style=\"color: #000000;\">\u00abEstoy aqu\u00ed para dar la cara, no me corro, ni me oculto, ni tengo motivo para hacerlo. Estoy aqu\u00ed porque ustedes merecen una explicaci\u00f3n y yo tengo la obligaci\u00f3n de darla\u00bb, se\u00f1al\u00f3 en un mensaje a la Naci\u00f3n desde Palacio de Gobierno junto a todos los ministros de Estado.<\/span><\/p>\n<p><span style=\"color: #000000;\">El presidente Kuczynski se\u00f1al\u00f3 que es un hombre honesto y lo ha sido toda mi vida, y por ello est\u00e1 dispuesto a defender la verdad ante la comisi\u00f3n Lava Jato del Congreso y la Fiscal\u00eda.<\/span><\/p>\n<p><span style=\"color: #000000;\">\u00abPido el levantamiento de mi secreto bancario para que revisen todo lo que quieran y asumo todas las responsabilidades que se deriven de mis actos (&#8230;)\u00bb, asever\u00f3.<\/span><\/p>\n<p><span style=\"color: #000000;\">Kuczynski tambi\u00e9n dijo que no se va \u00abdejar amedrentar\u00bb ante las advertencias de la oposici\u00f3n pol\u00edtica en el Congreso.<\/span><\/p>\n<p><span style=\"color: #000000;\">\u00abNo voy a abdicar, ni a mi honor, ni a mis valores, ni responsabilidades como presidente de todos los peruanos, invito a todos los actores pol\u00edticos a hacer lo mismo, nos cost\u00f3 mucho recuperar esta democracia, no la volvamos a perder\u00bb, subray\u00f3.<\/span><\/p>\n<p><span style=\"color: #000000;\">En su mensaje de hoy, Kuczynski afirm\u00f3 que la informaci\u00f3n sobre presuntos pagos de la constructora brasile\u00f1a Odebrecht difundida es falsa y pidi\u00f3 no dejarse confundir por un \u00abtendencioso reporte\u00bb.\u00b4<\/span><\/p>\n<p><span style=\"color: #000000;\">Se\u00f1al\u00f3, en primer lugar, que no tiene \u00abninguna relaci\u00f3n como socio ni como ejecutivo\u00bb con First Capital que, seg\u00fan dijo, pertenece al empresario chileno Gerardo Sep\u00falveda.<\/span><\/p>\n<p><span style=\"color: #000000;\">Ratific\u00f3 que en una ocasi\u00f3n dio un \u00abservicio asesor\u00eda financiera\u00bb a esa empresa \u00abde manera absolutamente leg\u00edtima mientras no ocupaba ning\u00fan cargo p\u00fablico\u00bb y mostr\u00f3 la factura que le entregaron por ese servicio.<\/span><\/p>\n<p><span style=\"color: #000000;\">\u00abDicho todo esto, es indispensable que expliquemos lo que realmente est\u00e1 pasando aqu\u00ed: la corrupci\u00f3n sistem\u00e1tica pretende amenazar a nuestro gobierno y a nuestro sistema democr\u00e1tico, es as\u00ed de claro y as\u00ed de grave\u00bb, acot\u00f3.<\/span><\/p>\n<p><iframe src=\"https:\/\/www.youtube-nocookie.com\/embed\/X9Kxw8Motcs?rel=0&amp;controls=0&amp;showinfo=0\" width=\"560\" height=\"315\" frameborder=\"0\" allowfullscreen=\"allowfullscreen\"><\/iframe><\/p>\n","protected":false},"excerpt":{"rendered":"<p>El presidente, Pedro Pablo Kuczynski, se\u00f1al\u00f3 que no renunciar\u00e1 a la Presidencia de la Rep\u00fablica y pidi\u00f3 a la fiscal\u00eda el levantamiento de su secreto bancario. Lima, 14 Diciembre 2017, (ANDINA).- El jefe del Estado, Pedro Pablo Kuczynski, se\u00f1al\u00f3 que no renunciar\u00e1 a la Presidencia de la Rep\u00fablica y pidi\u00f3 a la fiscal\u00eda el levantamiento [&hellip;]<\/p>\n","protected":false},"author":1,"featured_media":19853,"comment_status":"open","ping_status":"open","sticky":false,"template":"","format":"standard","meta":{"rop_custom_images_group":[],"rop_custom_messages_group":[],"rop_publish_now":"initial","rop_publish_now_accounts":[],"rop_publish_now_history":[],"rop_publish_now_status":"pending","footnotes":""},"categories":[5],"tags":[2517,619,74],"class_list":["post-19852","post","type-post","status-publish","format-standard","has-post-thumbnail","hentry","category-actualidad-informativa","tag-first-capital","tag-odebrecht","tag-pedro-pablo-kuczynski"],"_links":{"self":[{"href":"https:\/\/elinformanteperu.com\/index.php\/wp-json\/wp\/v2\/posts\/19852","targetHints":{"allow":["GET"]}}],"collection":[{"href":"https:\/\/elinformanteperu.com\/index.php\/wp-json\/wp\/v2\/posts"}],"about":[{"href":"https:\/\/elinformanteperu.com\/index.php\/wp-json\/wp\/v2\/types\/post"}],"author":[{"embeddable":true,"href":"https:\/\/elinformanteperu.com\/index.php\/wp-json\/wp\/v2\/users\/1"}],"replies":[{"embeddable":true,"href":"https:\/\/elinformanteperu.com\/index.php\/wp-json\/wp\/v2\/comments?post=19852"}],"version-history":[{"count":1,"href":"https:\/\/elinformanteperu.com\/index.php\/wp-json\/wp\/v2\/posts\/19852\/revisions"}],"predecessor-version":[{"id":19854,"href":"https:\/\/elinformanteperu.com\/index.php\/wp-json\/wp\/v2\/posts\/19852\/revisions\/19854"}],"wp:featuredmedia":[{"embeddable":true,"href":"https:\/\/elinformanteperu.com\/index.php\/wp-json\/wp\/v2\/media\/19853"}],"wp:attachment":[{"href":"https:\/\/elinformanteperu.com\/index.php\/wp-json\/wp\/v2\/media?parent=19852"}],"wp:term":[{"taxonomy":"category","embeddable":true,"href":"https:\/\/elinformanteperu.com\/index.php\/wp-json\/wp\/v2\/categories?post=19852"},{"taxonomy":"post_tag","embeddable":true,"href":"https:\/\/elinformanteperu.com\/index.php\/wp-json\/wp\/v2\/tags?post=19852"}],"curies":[{"name":"wp","href":"https:\/\/api.w.org\/{rel}","templated":true}]}}