{"id":19780,"date":"2017-12-14T01:44:10","date_gmt":"2017-12-14T06:44:10","guid":{"rendered":"http:\/\/elinformanteperu.com\/?p=19780"},"modified":"2017-12-14T01:44:10","modified_gmt":"2017-12-14T06:44:10","slug":"presentan-cuestion-previa-para-debatir-vacancia-de-ppk","status":"publish","type":"post","link":"https:\/\/elinformanteperu.com\/index.php\/2017\/12\/14\/presentan-cuestion-previa-para-debatir-vacancia-de-ppk\/","title":{"rendered":"Presentan cuesti\u00f3n previa para debatir vacancia de PPK"},"content":{"rendered":"<p><strong><span style=\"color: #000000;\">En una horas, el Congreso podr\u00eda decidir el destino de PPK. El congresista Humberto Morales, del Frente Amplio, inform\u00f3 que su grupo pol\u00edtico ha presentado una cuesti\u00f3n previa para debatir\u00a0la vacancia presidencial.<\/span><\/strong><\/p>\n<p><span style=\"color: #000000;\"><strong>Lima, 14 Diciembre 2017, (El Informante Per\u00fa).-<\/strong> En una horas, el Congreso podr\u00eda decidir el destino de PPK. El congresista Humberto Morales, del Frente Amplio, inform\u00f3 que su grupo pol\u00edtico ha presentado una cuesti\u00f3n previa para que en el pleno de hoy se discuta la vacancia presidencial de Pedro Pablo Kuczynski. <\/span><\/p>\n<p><span style=\"color: #000000;\">Una postura a favor de la vacancia tambi\u00e9n fue respaldada durante el debate en el hemiciclo realizado ayer por algunos miembros del fujimorismo. No obstante, el portavoz de Fuerza Popular, Daniel Salaverry, dej\u00f3 entrever durante su intervenci\u00f3n que esperan la renuncia del mandatario.<\/span><\/p>\n<p><span style=\"color: #000000;\">Morales cuestion\u00f3 la presunta relaci\u00f3n laboral que el jefe de Estado sostuvo con la constructora Odebrecht, tal como lo inform\u00f3 la empresa brasile\u00f1a a la Comisi\u00f3n Lava Jato.<\/span><\/p>\n<p><span style=\"color: #000000;\">Horas antes, Kuczynski anunci\u00f3 al pa\u00eds, a trav\u00e9s de un mensaje presidencial, su decisi\u00f3n de recibir al grupo de trabajo congresal que investiga a las constructoras. Adem\u00e1s descart\u00f3 que haya incurrido en actos il\u00edcitos.<\/span><\/p>\n<p><span style=\"color: #000000;\">\u201cMis ingresos est\u00e1n debidamente registrados, tributados y bancarizados. No hay nada indebido, reitero lo que ya dije en una oportunidad: En toda mi trayectoria como funcionario jam\u00e1s he cometido algo il\u00edcito\u201d, se\u00f1al\u00f3.<\/span><\/p>\n<p><span style=\"color: #000000;\">De acuerdo a Odebrecht, entre noviembre del 2004 y diciembre del 2007 pagaron US$782 mil a la empresa Westfild Capital, vinculada al actual jefe de Estado, por servicios de asesor\u00eda. Cabe anotar que PPK fue funcionario del gobierno de Alejandro Toledo hasta el 2005.<\/span><\/p>\n","protected":false},"excerpt":{"rendered":"<p>En una horas, el Congreso podr\u00eda decidir el destino de PPK. El congresista Humberto Morales, del Frente Amplio, inform\u00f3 que su grupo pol\u00edtico ha presentado una cuesti\u00f3n previa para debatir\u00a0la vacancia presidencial. Lima, 14 Diciembre 2017, (El Informante Per\u00fa).- En una horas, el Congreso podr\u00eda decidir el destino de PPK. El congresista Humberto Morales, del [&hellip;]<\/p>\n","protected":false},"author":1,"featured_media":14608,"comment_status":"open","ping_status":"open","sticky":false,"template":"","format":"standard","meta":{"rop_custom_images_group":[],"rop_custom_messages_group":[],"rop_publish_now":"initial","rop_publish_now_accounts":[],"rop_publish_now_history":[],"rop_publish_now_status":"pending","footnotes":""},"categories":[5],"tags":[192,158,2566,619,74],"class_list":["post-19780","post","type-post","status-publish","format-standard","has-post-thumbnail","hentry","category-actualidad-informativa","tag-congreso","tag-frente-amplio","tag-humberto-morales","tag-odebrecht","tag-pedro-pablo-kuczynski"],"_links":{"self":[{"href":"https:\/\/elinformanteperu.com\/index.php\/wp-json\/wp\/v2\/posts\/19780","targetHints":{"allow":["GET"]}}],"collection":[{"href":"https:\/\/elinformanteperu.com\/index.php\/wp-json\/wp\/v2\/posts"}],"about":[{"href":"https:\/\/elinformanteperu.com\/index.php\/wp-json\/wp\/v2\/types\/post"}],"author":[{"embeddable":true,"href":"https:\/\/elinformanteperu.com\/index.php\/wp-json\/wp\/v2\/users\/1"}],"replies":[{"embeddable":true,"href":"https:\/\/elinformanteperu.com\/index.php\/wp-json\/wp\/v2\/comments?post=19780"}],"version-history":[{"count":1,"href":"https:\/\/elinformanteperu.com\/index.php\/wp-json\/wp\/v2\/posts\/19780\/revisions"}],"predecessor-version":[{"id":19781,"href":"https:\/\/elinformanteperu.com\/index.php\/wp-json\/wp\/v2\/posts\/19780\/revisions\/19781"}],"wp:featuredmedia":[{"embeddable":true,"href":"https:\/\/elinformanteperu.com\/index.php\/wp-json\/wp\/v2\/media\/14608"}],"wp:attachment":[{"href":"https:\/\/elinformanteperu.com\/index.php\/wp-json\/wp\/v2\/media?parent=19780"}],"wp:term":[{"taxonomy":"category","embeddable":true,"href":"https:\/\/elinformanteperu.com\/index.php\/wp-json\/wp\/v2\/categories?post=19780"},{"taxonomy":"post_tag","embeddable":true,"href":"https:\/\/elinformanteperu.com\/index.php\/wp-json\/wp\/v2\/tags?post=19780"}],"curies":[{"name":"wp","href":"https:\/\/api.w.org\/{rel}","templated":true}]}}