{"id":19760,"date":"2017-12-14T00:46:22","date_gmt":"2017-12-14T05:46:22","guid":{"rendered":"http:\/\/elinformanteperu.com\/?p=19760"},"modified":"2017-12-14T00:46:22","modified_gmt":"2017-12-14T05:46:22","slug":"en-comision-lava-jato-saludan-actitud-colaborativa-de-kuczynski","status":"publish","type":"post","link":"https:\/\/elinformanteperu.com\/index.php\/2017\/12\/14\/en-comision-lava-jato-saludan-actitud-colaborativa-de-kuczynski\/","title":{"rendered":"En comisi\u00f3n Lava Jato saludan actitud colaborativa de Kuczynski"},"content":{"rendered":"<p><strong><span style=\"color: #000000;\">La legisladora Rosa Bartra, quien preside la comisi\u00f3n\u00a0 Lava Jato, salud\u00f3 la decisi\u00f3n del presidente Kuczynski, de aceptar reunirse con ese grupo investigador.<\/span><\/strong><\/p>\n<p><span style=\"color: #000000;\"><strong>Lima, 13 Diciembre 2017, (ANDINA).-<\/strong> La legisladora Rosa Bartra, quien preside la comisi\u00f3n que en el Congreso investiga el caso Lava Jato, salud\u00f3 la decisi\u00f3n del Jefe del Estado, Pedro Pablo Kuczynski, de aceptar reunirse con los miembros de ese grupo investigador.<\/span><\/p>\n<p><span style=\"color: #000000;\">Tras el anuncio del mandatario de contestar en persona todas las preguntas que le formule la comisi\u00f3n, la parlamentaria dijo que el encuentro con Pedro Pablo Kuczynski era esperado por este grupo de trabajo congresal, que lo convoc\u00f3 en m\u00e1s de una oportunidad.<\/span><\/p>\n<p><span style=\"color: #000000;\">Asimismo, la fujimorista resalt\u00f3 la importancia que tendr\u00e1 la declaraci\u00f3n que formule Kuczynski, en calidad de testigo, en el marco de las indagaciones que tiene pendiente la comisi\u00f3n Lava Jato.<\/span><\/p>\n<p><span style=\"color: #000000;\">\u201cNosotros dijimos que \u00edbamos a esperar. Saludamos la actitud reflexiva y colaborativa del presidente, eso era lo que esper\u00e1bamos\u201d, manifest\u00f3 Rosa Bartra, en declaraciones que cita el diario El Comercio.<\/span><\/p>\n<p><span style=\"color: #000000;\">Pedro Pablo Kuczynski anunci\u00f3 esta tarde su decisi\u00f3n de reunirse con los integrantes de la comisi\u00f3n Lava Jato del Congreso de la Rep\u00fablica, en una fecha que -seg\u00fan inform\u00f3- se viene coordinando.<\/span><\/p>\n<p><span style=\"color: #000000;\">Si bien dijo que en un inicio opt\u00f3 por responder solo por escrito las interrogantes de esta comisi\u00f3n investigadora, indic\u00f3 que ahora su decisi\u00f3n de atender personalmente a este grupo parlamentario obedece al sentir ciudadano mayoritario.<\/span><\/p>\n<p><span style=\"color: #000000;\">\u201cHe tomado nota del sentir ciudadano mayoritario que cree conveniente que me re\u00fana con los integrantes de dicha comisi\u00f3n (&#8230;). Para ello he dispuesto se efect\u00fae la coordinaci\u00f3n respectiva para fijar hora y fecha\u201d, remarc\u00f3 Kuczynski.<\/span><\/p>\n<p><span style=\"color: #000000;\">Como se recuerda, la comisi\u00f3n Lava Jato insisti\u00f3 en m\u00e1s de una ocasi\u00f3n en recoger el testimonio del mandatario, ante lo cual este contest\u00f3 que responder\u00eda por escrito todas las preguntas y dudas de este grupo investigador.<\/span><\/p>\n","protected":false},"excerpt":{"rendered":"<p>La legisladora Rosa Bartra, quien preside la comisi\u00f3n\u00a0 Lava Jato, salud\u00f3 la decisi\u00f3n del presidente Kuczynski, de aceptar reunirse con ese grupo investigador. Lima, 13 Diciembre 2017, (ANDINA).- La legisladora Rosa Bartra, quien preside la comisi\u00f3n que en el Congreso investiga el caso Lava Jato, salud\u00f3 la decisi\u00f3n del Jefe del Estado, Pedro Pablo Kuczynski, [&hellip;]<\/p>\n","protected":false},"author":1,"featured_media":19761,"comment_status":"open","ping_status":"open","sticky":false,"template":"","format":"standard","meta":{"rop_custom_images_group":[],"rop_custom_messages_group":[],"rop_publish_now":"initial","rop_publish_now_accounts":[],"rop_publish_now_history":[],"rop_publish_now_status":"pending","footnotes":""},"categories":[5],"tags":[192,656,74,525],"class_list":["post-19760","post","type-post","status-publish","format-standard","has-post-thumbnail","hentry","category-actualidad-informativa","tag-congreso","tag-lava-jato","tag-pedro-pablo-kuczynski","tag-rosa-bartra"],"_links":{"self":[{"href":"https:\/\/elinformanteperu.com\/index.php\/wp-json\/wp\/v2\/posts\/19760","targetHints":{"allow":["GET"]}}],"collection":[{"href":"https:\/\/elinformanteperu.com\/index.php\/wp-json\/wp\/v2\/posts"}],"about":[{"href":"https:\/\/elinformanteperu.com\/index.php\/wp-json\/wp\/v2\/types\/post"}],"author":[{"embeddable":true,"href":"https:\/\/elinformanteperu.com\/index.php\/wp-json\/wp\/v2\/users\/1"}],"replies":[{"embeddable":true,"href":"https:\/\/elinformanteperu.com\/index.php\/wp-json\/wp\/v2\/comments?post=19760"}],"version-history":[{"count":1,"href":"https:\/\/elinformanteperu.com\/index.php\/wp-json\/wp\/v2\/posts\/19760\/revisions"}],"predecessor-version":[{"id":19762,"href":"https:\/\/elinformanteperu.com\/index.php\/wp-json\/wp\/v2\/posts\/19760\/revisions\/19762"}],"wp:featuredmedia":[{"embeddable":true,"href":"https:\/\/elinformanteperu.com\/index.php\/wp-json\/wp\/v2\/media\/19761"}],"wp:attachment":[{"href":"https:\/\/elinformanteperu.com\/index.php\/wp-json\/wp\/v2\/media?parent=19760"}],"wp:term":[{"taxonomy":"category","embeddable":true,"href":"https:\/\/elinformanteperu.com\/index.php\/wp-json\/wp\/v2\/categories?post=19760"},{"taxonomy":"post_tag","embeddable":true,"href":"https:\/\/elinformanteperu.com\/index.php\/wp-json\/wp\/v2\/tags?post=19760"}],"curies":[{"name":"wp","href":"https:\/\/api.w.org\/{rel}","templated":true}]}}