{"id":19743,"date":"2017-12-13T23:14:07","date_gmt":"2017-12-14T04:14:07","guid":{"rendered":"http:\/\/elinformanteperu.com\/?p=19743"},"modified":"2017-12-13T23:14:07","modified_gmt":"2017-12-14T04:14:07","slug":"apelacion-al-allanamiento-no-busca-bloquear-investigacion-dice-becerril","status":"publish","type":"post","link":"https:\/\/elinformanteperu.com\/index.php\/2017\/12\/13\/apelacion-al-allanamiento-no-busca-bloquear-investigacion-dice-becerril\/","title":{"rendered":"Apelaci\u00f3n al allanamiento no busca bloquear investigaci\u00f3n, dice Becerril"},"content":{"rendered":"<p><strong><span style=\"color: #000000;\">El congresista fujimorista, H\u00e9ctor Becerril descart\u00f3 que la apelaci\u00f3n contra el allanamiento a los locales de Fuerza Popular busque bloquear las investigaciones contra su partido.<\/span><\/strong><\/p>\n<p><span style=\"color: #000000;\"><strong>Lima, 13 Diciembre 2017, (ANDINA).-<\/strong> El congresista fujimorista, H\u00e9ctor Becerril descart\u00f3 que la apelaci\u00f3n contra el allanamiento a los locales de Fuerza Popular busque bloquear las investigaciones contra su partido, y explic\u00f3 que presentaron ese recurso porque consideran que dicha medida present\u00f3 irregularidades.<\/span><\/p>\n<p><span style=\"color: #000000;\">En declaraciones a la Agencia Andina, indic\u00f3 que la presentaci\u00f3n de dicha apelaci\u00f3n es totalmente legal frente a un acto que, a su parecer, fue arbitrario.<\/span><\/p>\n<p><span style=\"color: #000000;\">\u201cNo pretendemos bloquear nada, al contrario, la apelaci\u00f3n es un acto legal y totalmente transparente, allanaron nuestros locales, tenemos observaciones y no estuvimos de acuerdo con esto. Entonces, frente a esto se present\u00f3 (el recurso de apelaci\u00f3n)\u201d, sostuvo el legislador.<\/span><\/p>\n<p><span style=\"color: #000000;\">Descart\u00f3 que esta apelaci\u00f3n sea un acto desesperado que busque obstaculizar las diligencias efectuadas, y recalc\u00f3 que sus acciones siempre han sido de colaboraci\u00f3n con las autoridades correspondientes.<\/span><\/p>\n<p><span style=\"color: #000000;\">Indic\u00f3 que durante la diligencia de allanamiento llevada a cabo por el fiscal Jos\u00e9 Domingo P\u00e9rez, estuvieron algunos legisladores de Fuerza Popular, lo cual permiti\u00f3 que no se tomen actitudes incorrectas.<\/span><\/p>\n<p><span style=\"color: #000000;\">\u201cFue un allanamiento abusivo y prepotente (\u2026) la apelaci\u00f3n responde a que los supuestos que puso el fiscal para el allanamiento de los locales de Fuerza Popular no se sustentan en la realidad y uno a uno se han venido cayendo\u201d, recalc\u00f3.<\/span><\/p>\n<p><span style=\"color: #000000;\">Precisamente, a trav\u00e9s del twitter del secretario general de Fuerza Popular Jos\u00e9 Chlimper, se inform\u00f3 de la presentaci\u00f3n de un recurso de apelaci\u00f3n contra el documento que sustenta la orden de allanamiento a sus locales, llevado a cabo el pasado 7 de diciembre.<\/span><\/p>\n<p><span style=\"color: #000000;\">Por otro lado, consultado sobre la decisi\u00f3n de diversas bancadas de retirar a sus representantes de la Comisi\u00f3n de \u00c9tica, H\u00e9ctor Becerril indic\u00f3 que esto forma parte de un plan que intenta \u00abdesprestigiar y debilitar a la bancada fujimorista\u00bb.<\/span><\/p>\n<p><span style=\"color: #000000;\">Manifest\u00f3 que, en la Comisi\u00f3n de \u00c9tica, Fuerza Popular tiene a cuatro representantes de nueve integrantes, por lo que no es cierto que abusen de su mayor\u00eda en las decisiones tomadas dentro de este grupo de trabajo parlamentario.<\/span><\/p>\n","protected":false},"excerpt":{"rendered":"<p>El congresista fujimorista, H\u00e9ctor Becerril descart\u00f3 que la apelaci\u00f3n contra el allanamiento a los locales de Fuerza Popular busque bloquear las investigaciones contra su partido. Lima, 13 Diciembre 2017, (ANDINA).- El congresista fujimorista, H\u00e9ctor Becerril descart\u00f3 que la apelaci\u00f3n contra el allanamiento a los locales de Fuerza Popular busque bloquear las investigaciones contra su partido, [&hellip;]<\/p>\n","protected":false},"author":1,"featured_media":16454,"comment_status":"open","ping_status":"open","sticky":false,"template":"","format":"standard","meta":{"rop_custom_images_group":[],"rop_custom_messages_group":[],"rop_publish_now":"initial","rop_publish_now_accounts":[],"rop_publish_now_history":[],"rop_publish_now_status":"pending","footnotes":""},"categories":[5],"tags":[192,295,327],"class_list":["post-19743","post","type-post","status-publish","format-standard","has-post-thumbnail","hentry","category-actualidad-informativa","tag-congreso","tag-fuerza-popular","tag-hector-becerril"],"_links":{"self":[{"href":"https:\/\/elinformanteperu.com\/index.php\/wp-json\/wp\/v2\/posts\/19743","targetHints":{"allow":["GET"]}}],"collection":[{"href":"https:\/\/elinformanteperu.com\/index.php\/wp-json\/wp\/v2\/posts"}],"about":[{"href":"https:\/\/elinformanteperu.com\/index.php\/wp-json\/wp\/v2\/types\/post"}],"author":[{"embeddable":true,"href":"https:\/\/elinformanteperu.com\/index.php\/wp-json\/wp\/v2\/users\/1"}],"replies":[{"embeddable":true,"href":"https:\/\/elinformanteperu.com\/index.php\/wp-json\/wp\/v2\/comments?post=19743"}],"version-history":[{"count":1,"href":"https:\/\/elinformanteperu.com\/index.php\/wp-json\/wp\/v2\/posts\/19743\/revisions"}],"predecessor-version":[{"id":19744,"href":"https:\/\/elinformanteperu.com\/index.php\/wp-json\/wp\/v2\/posts\/19743\/revisions\/19744"}],"wp:featuredmedia":[{"embeddable":true,"href":"https:\/\/elinformanteperu.com\/index.php\/wp-json\/wp\/v2\/media\/16454"}],"wp:attachment":[{"href":"https:\/\/elinformanteperu.com\/index.php\/wp-json\/wp\/v2\/media?parent=19743"}],"wp:term":[{"taxonomy":"category","embeddable":true,"href":"https:\/\/elinformanteperu.com\/index.php\/wp-json\/wp\/v2\/categories?post=19743"},{"taxonomy":"post_tag","embeddable":true,"href":"https:\/\/elinformanteperu.com\/index.php\/wp-json\/wp\/v2\/tags?post=19743"}],"curies":[{"name":"wp","href":"https:\/\/api.w.org\/{rel}","templated":true}]}}