{"id":19660,"date":"2017-12-13T00:37:17","date_gmt":"2017-12-13T05:37:17","guid":{"rendered":"http:\/\/elinformanteperu.com\/?p=19660"},"modified":"2017-12-13T02:41:19","modified_gmt":"2017-12-13T07:41:19","slug":"brenda-carvalho-triunfa-en-reyes-del-show","status":"publish","type":"post","link":"https:\/\/elinformanteperu.com\/index.php\/2017\/12\/13\/brenda-carvalho-triunfa-en-reyes-del-show\/","title":{"rendered":"Brenda Carvalho triunfa en Reyes del Show"},"content":{"rendered":"<p><span style=\"color: #000000;\"><strong>La brasile\u00f1a Brenda Carvalho levant\u00f3 la copa de la \u00faltima temporada de\u00bbReyes del Show\u00bb, el reality conducido por Gisela Valc\u00e1rcel.<\/strong><\/span><\/p>\n<p><span style=\"color: #000000;\"><strong>Lima, 11 Diciembre 2017, (El Informante Per\u00fa).-<\/strong> La brasile\u00f1a Brenda Carvalho levant\u00f3 la copa de la \u00faltima temporada de\u00bbReyes del Show\u00bb, el reality conducido por Gisela Valc\u00e1rcel que lleg\u00f3 a su fin diez a\u00f1os despu\u00e9s. Durante un intenso programa, Brenda Carvalho demostr\u00f3 sus mejores pasos y logr\u00f3 imponerse a Diana S\u00e1nchez y Karen Dejo, quienes quedaron en segundo y tercer lugar, respectivamente.<\/span><\/p>\n<p><span style=\"color: #000000;\">Al final del reality, Gisela Valc\u00e1rcel anunci\u00f3 que la brasile\u00f1a era la campeona del \u00faltimo programa de &#8216;Reyes del Show&#8217;.De esta manera, Brenda Carvalho gan\u00f3 su segunda copa en &#8216;El Gran Show&#8217;.<\/span><\/p>\n<p><span style=\"color: #000000;\">El programa estuvo cargado de emociones tras la presentaci\u00f3n del padre de Brenda Carvalho, quien lleg\u00f3 a Lima porque debe someterse a una operaci\u00f3n al coraz\u00f3n. \u00abNo siento las piernas, no siento el coraz\u00f3n, no siento la garganta, no siento, estoy anestesiada\u00bb, expres\u00f3 Brenda Carvalho muy emocionada tras levantar la copa.<\/span><\/p>\n<p><span style=\"color: #000000;\">Asimismo, la brasile\u00f1a confes\u00f3 que pens\u00f3 que Diana S\u00e1nchez iba a ser la ganadora tras el baile final: \u00abEn el \u00faltimo, porque Diana sac\u00f3 11. Dije &#8216;ya fue, ya, termin\u00f3'\u00bb.<\/span><\/p>\n<p><span style=\"color: #000000;\">La pareja de Julinho tambi\u00e9n agradeci\u00f3 por contar con su padre en el d\u00eda especial: \u00abTengo a mi pap\u00e1 despu\u00e9s de 24 a\u00f1os que no me ve\u00eda bailar, y lo tengo vivo. Pasamos un momento largu\u00edsimo de m\u00e1s de un a\u00f1o que \u00e9l estaba en cuidados intensivos\u00bb.<\/span><\/p>\n<p><img fetchpriority=\"high\" decoding=\"async\" class=\"aligncenter size-full wp-image-19662\" src=\"http:\/\/elinformanteperu.com\/wp-content\/uploads\/2017\/12\/brenda1.jpeg\" alt=\"\" width=\"1214\" height=\"697\" srcset=\"https:\/\/elinformanteperu.com\/wp-content\/uploads\/2017\/12\/brenda1.jpeg 1214w, https:\/\/elinformanteperu.com\/wp-content\/uploads\/2017\/12\/brenda1-300x172.jpeg 300w, https:\/\/elinformanteperu.com\/wp-content\/uploads\/2017\/12\/brenda1-768x441.jpeg 768w, https:\/\/elinformanteperu.com\/wp-content\/uploads\/2017\/12\/brenda1-1024x588.jpeg 1024w, https:\/\/elinformanteperu.com\/wp-content\/uploads\/2017\/12\/brenda1-128x73.jpeg 128w, https:\/\/elinformanteperu.com\/wp-content\/uploads\/2017\/12\/brenda1-32x18.jpeg 32w\" sizes=\"(max-width: 1214px) 100vw, 1214px\" \/><\/p>\n","protected":false},"excerpt":{"rendered":"<p>La brasile\u00f1a Brenda Carvalho levant\u00f3 la copa de la \u00faltima temporada de\u00bbReyes del Show\u00bb, el reality conducido por Gisela Valc\u00e1rcel. Lima, 11 Diciembre 2017, (El Informante Per\u00fa).- La brasile\u00f1a Brenda Carvalho levant\u00f3 la copa de la \u00faltima temporada de\u00bbReyes del Show\u00bb, el reality conducido por Gisela Valc\u00e1rcel que lleg\u00f3 a su fin diez a\u00f1os despu\u00e9s. [&hellip;]<\/p>\n","protected":false},"author":1,"featured_media":19661,"comment_status":"open","ping_status":"open","sticky":false,"template":"","format":"standard","meta":{"rop_custom_images_group":[],"rop_custom_messages_group":[],"rop_publish_now":"initial","rop_publish_now_accounts":[],"rop_publish_now_history":[],"rop_publish_now_status":"pending","footnotes":""},"categories":[70],"tags":[2551,2552,623],"class_list":["post-19660","post","type-post","status-publish","format-standard","has-post-thumbnail","hentry","category-farandula","tag-brenda-carvalho","tag-el-gran-show","tag-gisela-valcarcel"],"_links":{"self":[{"href":"https:\/\/elinformanteperu.com\/index.php\/wp-json\/wp\/v2\/posts\/19660","targetHints":{"allow":["GET"]}}],"collection":[{"href":"https:\/\/elinformanteperu.com\/index.php\/wp-json\/wp\/v2\/posts"}],"about":[{"href":"https:\/\/elinformanteperu.com\/index.php\/wp-json\/wp\/v2\/types\/post"}],"author":[{"embeddable":true,"href":"https:\/\/elinformanteperu.com\/index.php\/wp-json\/wp\/v2\/users\/1"}],"replies":[{"embeddable":true,"href":"https:\/\/elinformanteperu.com\/index.php\/wp-json\/wp\/v2\/comments?post=19660"}],"version-history":[{"count":2,"href":"https:\/\/elinformanteperu.com\/index.php\/wp-json\/wp\/v2\/posts\/19660\/revisions"}],"predecessor-version":[{"id":19707,"href":"https:\/\/elinformanteperu.com\/index.php\/wp-json\/wp\/v2\/posts\/19660\/revisions\/19707"}],"wp:featuredmedia":[{"embeddable":true,"href":"https:\/\/elinformanteperu.com\/index.php\/wp-json\/wp\/v2\/media\/19661"}],"wp:attachment":[{"href":"https:\/\/elinformanteperu.com\/index.php\/wp-json\/wp\/v2\/media?parent=19660"}],"wp:term":[{"taxonomy":"category","embeddable":true,"href":"https:\/\/elinformanteperu.com\/index.php\/wp-json\/wp\/v2\/categories?post=19660"},{"taxonomy":"post_tag","embeddable":true,"href":"https:\/\/elinformanteperu.com\/index.php\/wp-json\/wp\/v2\/tags?post=19660"}],"curies":[{"name":"wp","href":"https:\/\/api.w.org\/{rel}","templated":true}]}}