{"id":19637,"date":"2017-12-12T23:59:33","date_gmt":"2017-12-13T04:59:33","guid":{"rendered":"http:\/\/elinformanteperu.com\/?p=19637"},"modified":"2017-12-12T23:59:33","modified_gmt":"2017-12-13T04:59:33","slug":"rusia-2018-conozca-que-partidos-pretende-jugar-la-seleccion-peruana-previo-al-mundial","status":"publish","type":"post","link":"https:\/\/elinformanteperu.com\/index.php\/2017\/12\/12\/rusia-2018-conozca-que-partidos-pretende-jugar-la-seleccion-peruana-previo-al-mundial\/","title":{"rendered":"Rusia 2018: Conozca qu\u00e9 partidos pretende jugar la selecci\u00f3n peruana previo al Mundial"},"content":{"rendered":"<p><strong><span style=\"color: #000000;\">El t\u00e9cnico, Ricardo Gareca, quiere que el equipo nacional sea protagonista en el Mundial Rusia 2018 y la Federaci\u00f3n Peruana de F\u00fatbol pretende darle todo lo necesario para que as\u00ed sea.\u00a0<\/span><\/strong><\/p>\n<p><span style=\"color: #000000;\"><strong>Lima, 12 Diciembre 2017, (ANDINA).-<\/strong> El t\u00e9cnico de la selecci\u00f3n peruana, Ricardo Gareca, quiere que el equipo nacional sea protagonista en el Mundial Rusia 2018 y la Federaci\u00f3n Peruana de F\u00fatbol (FPF) pretende darle todo lo necesario para que as\u00ed sea. Ya comienzan a finiquitar partidos amistosos con selecciones mundialistas.<\/span><\/p>\n<p><span style=\"color: #000000;\">Todos los esfuerzos est\u00e1n concentrados en tener rivales de nivel para afrontar la fecha FIFA, pactada entre el 19 y 27 de marzo del pr\u00f3ximo a\u00f1o.<\/span><\/p>\n<p><span style=\"color: #000000;\">\u00abLo que quiere Ricardo (Gareca) es jugar con selecciones europeas que participen en Mundial. Tenemos ofertas concretas. Son dos selecciones mundialistas. Los partidos no van a ser en Europa, pero es casi seguro que en Estados Unidos con equipos europeos y mundialistas. En esta semana se debe definir\u00bb, explic\u00f3 el director deportivo de la FPF, Juan Carlos Oblitas.<\/span><\/p>\n<p><span style=\"color: #000000;\">Luego revel\u00f3 que tambi\u00e9n se maneja otra propuesta para la selecci\u00f3n peruana, pero de un equipo que no ir\u00e1 a Rusia 2018.<\/span><\/p>\n<p><span style=\"color: #000000;\">Oblitas dio a conocer el itinerario de la Bicolor de cara al Mundial de Rusia 2018, certamen al que se regresa luego de 36 a\u00f1o.<\/span><\/p>\n<p><span style=\"color: #000000;\">El 20 de mayo vence el plazo para dar la lista de jugadores que competir\u00e1n por Per\u00fa en la Copa del Mundo. Hasta el 27 del mismo mes los futbolistas deben tener un descanso obligatorio y a partir del 28 empiezan a formar parte nuevamente de la selecci\u00f3n nacional.<\/span><\/p>\n<p><span style=\"color: #000000;\">Oblitas tambi\u00e9n manifest\u00f3 que entre el 2 y el 3 de junio tienen planeado jugar un partido de despedida con una selecci\u00f3n que no ser\u00eda europea por la dificultad de las fechas. De ser una del Viejo Continente debe ser una que no juegue en el Mundial.<\/span><\/p>\n<p><span style=\"color: #000000;\">Per\u00fa tiene casi cerrado para jugar con Estados Unidos. En ese pa\u00eds tambi\u00e9n jugar\u00eda con Alemania o Espa\u00f1a. M\u00e9xico y Polonia son las opciones para el cotejo de despedida.<\/span><\/p>\n<p><img fetchpriority=\"high\" decoding=\"async\" class=\"aligncenter size-full wp-image-19638\" src=\"http:\/\/elinformanteperu.com\/wp-content\/uploads\/2017\/12\/gareca-peru-mundial.jpg\" alt=\"\" width=\"1800\" height=\"1200\" srcset=\"https:\/\/elinformanteperu.com\/wp-content\/uploads\/2017\/12\/gareca-peru-mundial.jpg 1800w, https:\/\/elinformanteperu.com\/wp-content\/uploads\/2017\/12\/gareca-peru-mundial-300x200.jpg 300w, https:\/\/elinformanteperu.com\/wp-content\/uploads\/2017\/12\/gareca-peru-mundial-768x512.jpg 768w, https:\/\/elinformanteperu.com\/wp-content\/uploads\/2017\/12\/gareca-peru-mundial-1024x683.jpg 1024w, https:\/\/elinformanteperu.com\/wp-content\/uploads\/2017\/12\/gareca-peru-mundial-128x85.jpg 128w, https:\/\/elinformanteperu.com\/wp-content\/uploads\/2017\/12\/gareca-peru-mundial-32x21.jpg 32w\" sizes=\"(max-width: 1800px) 100vw, 1800px\" \/><\/p>\n","protected":false},"excerpt":{"rendered":"<p>El t\u00e9cnico, Ricardo Gareca, quiere que el equipo nacional sea protagonista en el Mundial Rusia 2018 y la Federaci\u00f3n Peruana de F\u00fatbol pretende darle todo lo necesario para que as\u00ed sea.\u00a0 Lima, 12 Diciembre 2017, (ANDINA).- El t\u00e9cnico de la selecci\u00f3n peruana, Ricardo Gareca, quiere que el equipo nacional sea protagonista en el Mundial Rusia [&hellip;]<\/p>\n","protected":false},"author":1,"featured_media":18646,"comment_status":"open","ping_status":"open","sticky":false,"template":"","format":"standard","meta":{"rop_custom_images_group":[],"rop_custom_messages_group":[],"rop_publish_now":"initial","rop_publish_now_accounts":[],"rop_publish_now_history":[],"rop_publish_now_status":"pending","footnotes":""},"categories":[8],"tags":[204,205,92,137],"class_list":["post-19637","post","type-post","status-publish","format-standard","has-post-thumbnail","hentry","category-disciplinas-deportivas","tag-federacion-peruana-de-futbol","tag-fpf","tag-ricardo-gareca","tag-seleccion-peruana"],"_links":{"self":[{"href":"https:\/\/elinformanteperu.com\/index.php\/wp-json\/wp\/v2\/posts\/19637","targetHints":{"allow":["GET"]}}],"collection":[{"href":"https:\/\/elinformanteperu.com\/index.php\/wp-json\/wp\/v2\/posts"}],"about":[{"href":"https:\/\/elinformanteperu.com\/index.php\/wp-json\/wp\/v2\/types\/post"}],"author":[{"embeddable":true,"href":"https:\/\/elinformanteperu.com\/index.php\/wp-json\/wp\/v2\/users\/1"}],"replies":[{"embeddable":true,"href":"https:\/\/elinformanteperu.com\/index.php\/wp-json\/wp\/v2\/comments?post=19637"}],"version-history":[{"count":1,"href":"https:\/\/elinformanteperu.com\/index.php\/wp-json\/wp\/v2\/posts\/19637\/revisions"}],"predecessor-version":[{"id":19639,"href":"https:\/\/elinformanteperu.com\/index.php\/wp-json\/wp\/v2\/posts\/19637\/revisions\/19639"}],"wp:featuredmedia":[{"embeddable":true,"href":"https:\/\/elinformanteperu.com\/index.php\/wp-json\/wp\/v2\/media\/18646"}],"wp:attachment":[{"href":"https:\/\/elinformanteperu.com\/index.php\/wp-json\/wp\/v2\/media?parent=19637"}],"wp:term":[{"taxonomy":"category","embeddable":true,"href":"https:\/\/elinformanteperu.com\/index.php\/wp-json\/wp\/v2\/categories?post=19637"},{"taxonomy":"post_tag","embeddable":true,"href":"https:\/\/elinformanteperu.com\/index.php\/wp-json\/wp\/v2\/tags?post=19637"}],"curies":[{"name":"wp","href":"https:\/\/api.w.org\/{rel}","templated":true}]}}