{"id":19625,"date":"2017-12-11T23:30:19","date_gmt":"2017-12-12T04:30:19","guid":{"rendered":"http:\/\/elinformanteperu.com\/?p=19625"},"modified":"2017-12-11T23:30:19","modified_gmt":"2017-12-12T04:30:19","slug":"paolo-guerrero-oblitas-cree-que-el-delantero-jugara-el-mundial-de-rusia-2018","status":"publish","type":"post","link":"https:\/\/elinformanteperu.com\/index.php\/2017\/12\/11\/paolo-guerrero-oblitas-cree-que-el-delantero-jugara-el-mundial-de-rusia-2018\/","title":{"rendered":"Paolo Guerrero: Oblitas cree que el delantero jugar\u00e1 el Mundial de Rusia 2018"},"content":{"rendered":"<p><strong><span style=\"color: #000000;\">El director deportivo de la Federaci\u00f3n Peruana de F\u00fatbol, Juan Carlos Oblitas, cree que, por los antecedentes de Paolo Guerrero, la FIFA podr\u00eda rebajar el castigo.<\/span><\/strong><\/p>\n<p><span style=\"color: #000000;\"><strong>Lima, 11 Diciembre 2017, (ANDINA).-<\/strong> El director deportivo de la Federaci\u00f3n Peruana de F\u00fatbol, Juan Carlos Oblitas, cree que, por los antecedentes de Paolo Guerrero, la FIFA podr\u00eda rebajar el castigo que le impuso 1 a\u00f1o luego que sus abogados presenten la apelaci\u00f3n en diez d\u00edas y eso le permitir\u00e1 jugar\u00eda el Mundial de Rusia 2018.<\/span><\/p>\n<p><span style=\"color: #000000;\">\u00abNo olvidemos que en este tipo de situaciones hay un criterio de confidencialidad que la FPF tiene que mantener basado en la Agencia Mundial Antidopaje (WADA). La FIFA, en su reglamento antidoping, est\u00e1 sometida a la WADA. La gente tiene que entender que la FPF puede estar dando opiniones sobre esto ma\u00f1ana, tarde y noche; no puede intervenir. Ahora, a t\u00edtulo personal, creo que teniendo en cuenta los antecedentes de Paolo, puede haber una reducci\u00f3n de la pena. Espero que suceda esto\u00bb, declar\u00f3 Oblitas a RPP.<\/span><\/p>\n<p><span style=\"color: #000000;\">Descart\u00f3 que el cuerpo m\u00e9dico y la nutricionista de la selecci\u00f3n tengan alguna responsabilidad en la contaminaci\u00f3n del envase que Guerrero habr\u00eda tomado la infusi\u00f3n.<\/span><\/p>\n<p><span style=\"color: #000000;\">\u00abEn sus declaraciones, evita responsabilizar al cuerpo m\u00e9dico de la FPF, eso es muy importante porque ac\u00e1 se ha respaldado el trabajo tanto de ellos (Julio Segura y Jorge Alva) como la nutricionista Edith Saavedra de sobremanera. Hay tantas voces que comentan, de la noche a la ma\u00f1ana han salido muchos eruditos. Incluso, ambos firmaron una declaraci\u00f3n jurada que fue enviada a la FIFA en un primer momento, donde se menciona cu\u00e1les son los protocolos que se siguen en la FPF\u00bb.<\/span><\/p>\n<p><span style=\"color: #000000;\">Se mostr\u00f3 optimista por la posible reducci\u00f3n del castigo al delantero nacional, hecho que le permitir\u00e1 estar con la selecci\u00f3n en el pr\u00f3ximo Mundial Rusia 2018.<\/span><\/p>\n<p><span style=\"color: #000000;\">\u00abCreo que si se da el tema de la reducci\u00f3n de la sanci\u00f3n con los tiempos que estamos viendo ac\u00e1, Paolo podr\u00eda llegar al Mundial. La sanci\u00f3n de un a\u00f1o es menos que lo que se han dado en otros casos, normalmente los castigos son de dos a cuatro a\u00f1os. Por ese lado veo una salida\u00bb, a\u00f1adi\u00f3 el exmundialista.<\/span><\/p>\n<p><strong><span style=\"color: #000000;\">Amistosos a la vista<\/span><\/strong><\/p>\n<p><span style=\"color: #000000;\">Asimismo, el directivo del m\u00e1ximo ente del f\u00fatbol peruano revel\u00f3 que est\u00e1n muy cerca de cerrar dos amistosos con selecciones de Europa que participar\u00e1n en el Mundial para la pr\u00f3xima fecha FIFA en marzo.<\/span><\/p>\n<p><span style=\"color: #000000;\">\u00abEn esta semana debemos cerrar la fecha de los amistosos en marzo. Hemos tenido una reuni\u00f3n y tenemos ofertas concretas para jugar con equipos europeos que van al Mundial, que es lo que quiere Ricardo Gareca. Es casi seguro que esos encuentros ser\u00e1n en Estados Unidos\u00bb, declar\u00f3.<\/span><\/p>\n<p><span style=\"color: #000000;\">Existe la posibilidad de que la Blanquirroja juegue dos amistoso previo a la Copa del Mundo, entre el 28 de mayo y 4 de junio, en Lima como despedida de la selecci\u00f3n.<\/span><\/p>\n<p><span style=\"color: #000000;\">Tambi\u00e9n manejan la opci\u00f3n de jugar otro cotejo en Europa antes de llegar a Mosc\u00fa para disputar el Mundial.<\/span><\/p>\n<p><img fetchpriority=\"high\" decoding=\"async\" class=\"aligncenter size-full wp-image-17962\" src=\"http:\/\/elinformanteperu.com\/wp-content\/uploads\/2017\/11\/paolo-guerrero-idolo2.jpg\" alt=\"\" width=\"950\" height=\"475\" srcset=\"https:\/\/elinformanteperu.com\/wp-content\/uploads\/2017\/11\/paolo-guerrero-idolo2.jpg 950w, https:\/\/elinformanteperu.com\/wp-content\/uploads\/2017\/11\/paolo-guerrero-idolo2-300x150.jpg 300w, https:\/\/elinformanteperu.com\/wp-content\/uploads\/2017\/11\/paolo-guerrero-idolo2-768x384.jpg 768w, https:\/\/elinformanteperu.com\/wp-content\/uploads\/2017\/11\/paolo-guerrero-idolo2-128x64.jpg 128w, https:\/\/elinformanteperu.com\/wp-content\/uploads\/2017\/11\/paolo-guerrero-idolo2-32x16.jpg 32w\" sizes=\"(max-width: 950px) 100vw, 950px\" \/><\/p>\n","protected":false},"excerpt":{"rendered":"<p>El director deportivo de la Federaci\u00f3n Peruana de F\u00fatbol, Juan Carlos Oblitas, cree que, por los antecedentes de Paolo Guerrero, la FIFA podr\u00eda rebajar el castigo. Lima, 11 Diciembre 2017, (ANDINA).- El director deportivo de la Federaci\u00f3n Peruana de F\u00fatbol, Juan Carlos Oblitas, cree que, por los antecedentes de Paolo Guerrero, la FIFA podr\u00eda rebajar [&hellip;]<\/p>\n","protected":false},"author":1,"featured_media":13571,"comment_status":"open","ping_status":"open","sticky":false,"template":"","format":"standard","meta":{"rop_custom_images_group":[],"rop_custom_messages_group":[],"rop_publish_now":"initial","rop_publish_now_accounts":[],"rop_publish_now_history":[],"rop_publish_now_status":"pending","footnotes":""},"categories":[8],"tags":[593,203,137],"class_list":["post-19625","post","type-post","status-publish","format-standard","has-post-thumbnail","hentry","category-disciplinas-deportivas","tag-juan-carlos-oblitas","tag-paolo-guerrero","tag-seleccion-peruana"],"_links":{"self":[{"href":"https:\/\/elinformanteperu.com\/index.php\/wp-json\/wp\/v2\/posts\/19625","targetHints":{"allow":["GET"]}}],"collection":[{"href":"https:\/\/elinformanteperu.com\/index.php\/wp-json\/wp\/v2\/posts"}],"about":[{"href":"https:\/\/elinformanteperu.com\/index.php\/wp-json\/wp\/v2\/types\/post"}],"author":[{"embeddable":true,"href":"https:\/\/elinformanteperu.com\/index.php\/wp-json\/wp\/v2\/users\/1"}],"replies":[{"embeddable":true,"href":"https:\/\/elinformanteperu.com\/index.php\/wp-json\/wp\/v2\/comments?post=19625"}],"version-history":[{"count":1,"href":"https:\/\/elinformanteperu.com\/index.php\/wp-json\/wp\/v2\/posts\/19625\/revisions"}],"predecessor-version":[{"id":19626,"href":"https:\/\/elinformanteperu.com\/index.php\/wp-json\/wp\/v2\/posts\/19625\/revisions\/19626"}],"wp:featuredmedia":[{"embeddable":true,"href":"https:\/\/elinformanteperu.com\/index.php\/wp-json\/wp\/v2\/media\/13571"}],"wp:attachment":[{"href":"https:\/\/elinformanteperu.com\/index.php\/wp-json\/wp\/v2\/media?parent=19625"}],"wp:term":[{"taxonomy":"category","embeddable":true,"href":"https:\/\/elinformanteperu.com\/index.php\/wp-json\/wp\/v2\/categories?post=19625"},{"taxonomy":"post_tag","embeddable":true,"href":"https:\/\/elinformanteperu.com\/index.php\/wp-json\/wp\/v2\/tags?post=19625"}],"curies":[{"name":"wp","href":"https:\/\/api.w.org\/{rel}","templated":true}]}}