{"id":19595,"date":"2017-12-11T00:33:18","date_gmt":"2017-12-11T05:33:18","guid":{"rendered":"http:\/\/elinformanteperu.com\/?p=19595"},"modified":"2017-12-11T00:37:44","modified_gmt":"2017-12-11T05:37:44","slug":"sunat-universitarios-apoyaran-en-orientacion-tributaria-a-mype","status":"publish","type":"post","link":"https:\/\/elinformanteperu.com\/index.php\/2017\/12\/11\/sunat-universitarios-apoyaran-en-orientacion-tributaria-a-mype\/","title":{"rendered":"Sunat: universitarios apoyar\u00e1n en orientaci\u00f3n tributaria a mype"},"content":{"rendered":"<p><strong><span style=\"color: #000000;\">Estudiantes universitarios apoyar\u00e1n en las campa\u00f1as de orientaci\u00f3n tributaria a la micro y peque\u00f1a empresa (mype) en todo el pa\u00eds.<\/span><\/strong><\/p>\n<p><span style=\"color: #000000;\"><strong>Lima, 09 Diciembre 2017, (ANDINA).-<\/strong> Estudiantes universitarios apoyar\u00e1n en las campa\u00f1as de orientaci\u00f3n tributaria a la micro y peque\u00f1a empresa (mype) en todo el pa\u00eds, indic\u00f3 la Superintendencia Nacional de Aduanas y de Administraci\u00f3n Tributaria (Sunat).<\/span><\/p>\n<p><span style=\"color: #000000;\">Indic\u00f3 que para ello ha puesto en marcha el Programa N\u00facleo de Apoyo Contable y Fiscal (NAF) que se implementa en universidades de todo el pa\u00eds, capacitando a los estudiantes sobre el sentido social de los impuestos.<\/span><\/p>\n<p><span style=\"color: #000000;\">\u201cAs\u00ed, los universitarios se convierten en socios estrat\u00e9gicos de Sunat, recibiendo una capacitaci\u00f3n permanente sobre temas tributarios y aduaneros\u201d, subray\u00f3 el ente recaudador.<\/span><\/p>\n<p><span style=\"color: #000000;\">De esta manera, los estudiantes capacitados fortalecen su formaci\u00f3n profesional y se convierten en ciudadanos responsables, quienes a su vez apoyar\u00e1n en el cumplimiento de las obligaciones de los contribuyentes brindando asistencia a la mype.<\/span><\/p>\n<p><span style=\"color: #000000;\">Para el presente a\u00f1o, la Sunat incorpor\u00f3 universidades de las regiones de Arequipa, Jun\u00edn, Cusco, Trujillo, Chimbote, Puno, Huancayo, Lima, Loreto, Piura, Ica y Tacna, consolidando el programa de capacitaci\u00f3n.<\/span><\/p>\n<p><span style=\"color: #000000;\">Para el 2018 se espera que cada regi\u00f3n del pa\u00eds integre la red NAF.<\/span><\/p>\n<p><strong><span style=\"color: #000000;\">Taller internacional<\/span><\/strong><\/p>\n<p><span style=\"color: #000000;\">De otro lado, la Sunat, con el apoyo del Programa de la Uni\u00f3n Europea para la Cohesi\u00f3n Social en Am\u00e9rica Latina (EUROsociAL), realiz\u00f3 el \u201cTaller Internacional sobre experiencias exitosas de los N\u00facleos de Apoyo Contable y Fiscal (NAF)\u201d.<\/span><\/p>\n<p><span style=\"color: #000000;\">El referido taller se constituy\u00f3 como uno de los eventos m\u00e1s importantes sobre herramientas y pr\u00e1cticas de generaci\u00f3n de cultura tributaria en la regi\u00f3n, con representantes de Espa\u00f1a, Brasil y Argentina quienes compartieron sus experiencias y resultados.<\/span><\/p>\n<p><span style=\"color: #000000;\">Durante el taller, al que asistieron 250 estudiantes y representantes de las universidades que participan en el programa, se presentaron los resultados del estudio de mejores pr\u00e1cticas NAF en Am\u00e9rica Latina.<\/span><\/p>\n<p><span style=\"color: #000000;\">Los estudiantes capacitados a trav\u00e9s del programa NAF, que en el Per\u00fa es liderado por la Sunat, colaborar\u00e1n con la mejora de los niveles de orientaci\u00f3n de las mypes.<\/span><\/p>\n<p><span style=\"color: #000000;\">Asimismo, contribuir\u00e1n con su formalizaci\u00f3n, sobretodo en el caso del cumplimiento de sus obligaciones del Impuesto General a las Ventas (entrega de comprobantes de pago) y del Impuesto a la Renta (declaraciones y pago).<\/span><\/p>\n","protected":false},"excerpt":{"rendered":"<p>Estudiantes universitarios apoyar\u00e1n en las campa\u00f1as de orientaci\u00f3n tributaria a la micro y peque\u00f1a empresa (mype) en todo el pa\u00eds. Lima, 09 Diciembre 2017, (ANDINA).- Estudiantes universitarios apoyar\u00e1n en las campa\u00f1as de orientaci\u00f3n tributaria a la micro y peque\u00f1a empresa (mype) en todo el pa\u00eds, indic\u00f3 la Superintendencia Nacional de Aduanas y de Administraci\u00f3n Tributaria [&hellip;]<\/p>\n","protected":false},"author":1,"featured_media":19596,"comment_status":"open","ping_status":"open","sticky":false,"template":"","format":"standard","meta":{"rop_custom_images_group":[],"rop_custom_messages_group":[],"rop_publish_now":"initial","rop_publish_now_accounts":[],"rop_publish_now_history":[],"rop_publish_now_status":"pending","footnotes":""},"categories":[5],"tags":[425],"class_list":["post-19595","post","type-post","status-publish","format-standard","has-post-thumbnail","hentry","category-actualidad-informativa","tag-sunat"],"_links":{"self":[{"href":"https:\/\/elinformanteperu.com\/index.php\/wp-json\/wp\/v2\/posts\/19595","targetHints":{"allow":["GET"]}}],"collection":[{"href":"https:\/\/elinformanteperu.com\/index.php\/wp-json\/wp\/v2\/posts"}],"about":[{"href":"https:\/\/elinformanteperu.com\/index.php\/wp-json\/wp\/v2\/types\/post"}],"author":[{"embeddable":true,"href":"https:\/\/elinformanteperu.com\/index.php\/wp-json\/wp\/v2\/users\/1"}],"replies":[{"embeddable":true,"href":"https:\/\/elinformanteperu.com\/index.php\/wp-json\/wp\/v2\/comments?post=19595"}],"version-history":[{"count":2,"href":"https:\/\/elinformanteperu.com\/index.php\/wp-json\/wp\/v2\/posts\/19595\/revisions"}],"predecessor-version":[{"id":19598,"href":"https:\/\/elinformanteperu.com\/index.php\/wp-json\/wp\/v2\/posts\/19595\/revisions\/19598"}],"wp:featuredmedia":[{"embeddable":true,"href":"https:\/\/elinformanteperu.com\/index.php\/wp-json\/wp\/v2\/media\/19596"}],"wp:attachment":[{"href":"https:\/\/elinformanteperu.com\/index.php\/wp-json\/wp\/v2\/media?parent=19595"}],"wp:term":[{"taxonomy":"category","embeddable":true,"href":"https:\/\/elinformanteperu.com\/index.php\/wp-json\/wp\/v2\/categories?post=19595"},{"taxonomy":"post_tag","embeddable":true,"href":"https:\/\/elinformanteperu.com\/index.php\/wp-json\/wp\/v2\/tags?post=19595"}],"curies":[{"name":"wp","href":"https:\/\/api.w.org\/{rel}","templated":true}]}}