{"id":19592,"date":"2017-12-10T23:49:42","date_gmt":"2017-12-11T04:49:42","guid":{"rendered":"http:\/\/elinformanteperu.com\/?p=19592"},"modified":"2017-12-10T23:49:42","modified_gmt":"2017-12-11T04:49:42","slug":"minsa-inmovilizara-lotes-de-producto-lacteo-por-riesgo-de-salmonella","status":"publish","type":"post","link":"https:\/\/elinformanteperu.com\/index.php\/2017\/12\/10\/minsa-inmovilizara-lotes-de-producto-lacteo-por-riesgo-de-salmonella\/","title":{"rendered":"Minsa inmovilizar\u00e1 lotes de producto l\u00e1cteo por riesgo de salmonella"},"content":{"rendered":"<p><strong><span style=\"color: #000000;\">El Ministerio de Salud (Minsa) inform\u00f3 que inmovilizar\u00e1 los lotes del producto l\u00e1cteo de importaci\u00f3n, adquirido al grupo Lactaris por un posible riesgo de salmonella.<\/span><\/strong><\/p>\n<p><span style=\"color: #000000;\"><strong>Lima, 10 Diciembre 2017, (ANDINA).-<\/strong> El Ministerio de Salud (Minsa) inform\u00f3 que inmovilizar\u00e1 los lotes del producto l\u00e1cteo de importaci\u00f3n, adquirido al grupo Lactaris, luego que en Francia fuera retirada la leche infantil de ese conglomerado por un posible riesgo de salmonella.<\/span><\/p>\n<p><span style=\"color: #000000;\">Mediante un comunicado, el Minsa precis\u00f3 que la inmovilizaci\u00f3n del citado producto se har\u00e1 mediante la Direcci\u00f3n General de Salud Ambiental (Digesa), a fin de proceder al an\u00e1lisis correspondiente.<\/span><\/p>\n<p><span style=\"color: #000000;\">Agreg\u00f3 que la empresa Gloria S.A. ha informado que el lote observado por Francia est\u00e1 en tr\u00e1nsito hacia el Per\u00fa.<\/span><\/p>\n<p><span style=\"color: #000000;\">\u201cPor tanto, no existir\u00eda dicho producto en comercializaci\u00f3n, ni en stock en el pa\u00eds. En caso contrario, se adoptar\u00e1n las acciones inmediatas, como el decomiso del producto y su retiro del mercado\u201d, advirti\u00f3 en la comunicaci\u00f3n.<\/span><\/p>\n<p><span style=\"color: #000000;\">Seg\u00fan el Minsa, en su calidad de \u00f3rgano rector en el Per\u00fa de la promoci\u00f3n de la salud y prevenci\u00f3n de enfermedades, lidera las acciones para proteger la salud de todos los peruanos, en especial, de los ni\u00f1os.<\/span><\/p>\n<p><span style=\"color: #000000;\">Dicha labor, seg\u00fan el comunicado, la realiza con participaci\u00f3n de Aduanas, el Ministerio de Comercio Exterior y Turismo (Mincetur), y el Instituto Nacional de Defensa de la Competencia y de la Protecci\u00f3n de la Propiedad intelectual (Indecopi).<\/span><\/p>\n<p><span style=\"color: #000000;\">El gobierno franc\u00e9s anunci\u00f3 este domingo una retirada masiva de la leche infantil fabricada por el grupo Lactalis y destinadas a Francia y al menos a una docena de otros pa\u00edses, por el riesgo de contaminaci\u00f3n de salmonela.<\/span><\/p>\n<p><span style=\"color: #000000;\">Las bacterias de la salmonela pueden producir desde gastroenteritis hasta infecciones m\u00e1s graves, e incluso podr\u00edan ser potencialmente peligrosas para los ni\u00f1os, ancianos y personas con un sistema inmunol\u00f3gico debilitado.<\/span><\/p>\n","protected":false},"excerpt":{"rendered":"<p>El Ministerio de Salud (Minsa) inform\u00f3 que inmovilizar\u00e1 los lotes del producto l\u00e1cteo de importaci\u00f3n, adquirido al grupo Lactaris por un posible riesgo de salmonella. Lima, 10 Diciembre 2017, (ANDINA).- El Ministerio de Salud (Minsa) inform\u00f3 que inmovilizar\u00e1 los lotes del producto l\u00e1cteo de importaci\u00f3n, adquirido al grupo Lactaris, luego que en Francia fuera retirada [&hellip;]<\/p>\n","protected":false},"author":1,"featured_media":19593,"comment_status":"open","ping_status":"open","sticky":false,"template":"","format":"standard","meta":{"rop_custom_images_group":[],"rop_custom_messages_group":[],"rop_publish_now":"initial","rop_publish_now_accounts":[],"rop_publish_now_history":[],"rop_publish_now_status":"pending","footnotes":""},"categories":[10],"tags":[1391,522,388,431],"class_list":["post-19592","post","type-post","status-publish","format-standard","has-post-thumbnail","hentry","category-actualidad-municipal","tag-digesa","tag-indecopi","tag-ministerio-de-salud","tag-minsa"],"_links":{"self":[{"href":"https:\/\/elinformanteperu.com\/index.php\/wp-json\/wp\/v2\/posts\/19592","targetHints":{"allow":["GET"]}}],"collection":[{"href":"https:\/\/elinformanteperu.com\/index.php\/wp-json\/wp\/v2\/posts"}],"about":[{"href":"https:\/\/elinformanteperu.com\/index.php\/wp-json\/wp\/v2\/types\/post"}],"author":[{"embeddable":true,"href":"https:\/\/elinformanteperu.com\/index.php\/wp-json\/wp\/v2\/users\/1"}],"replies":[{"embeddable":true,"href":"https:\/\/elinformanteperu.com\/index.php\/wp-json\/wp\/v2\/comments?post=19592"}],"version-history":[{"count":1,"href":"https:\/\/elinformanteperu.com\/index.php\/wp-json\/wp\/v2\/posts\/19592\/revisions"}],"predecessor-version":[{"id":19594,"href":"https:\/\/elinformanteperu.com\/index.php\/wp-json\/wp\/v2\/posts\/19592\/revisions\/19594"}],"wp:featuredmedia":[{"embeddable":true,"href":"https:\/\/elinformanteperu.com\/index.php\/wp-json\/wp\/v2\/media\/19593"}],"wp:attachment":[{"href":"https:\/\/elinformanteperu.com\/index.php\/wp-json\/wp\/v2\/media?parent=19592"}],"wp:term":[{"taxonomy":"category","embeddable":true,"href":"https:\/\/elinformanteperu.com\/index.php\/wp-json\/wp\/v2\/categories?post=19592"},{"taxonomy":"post_tag","embeddable":true,"href":"https:\/\/elinformanteperu.com\/index.php\/wp-json\/wp\/v2\/tags?post=19592"}],"curies":[{"name":"wp","href":"https:\/\/api.w.org\/{rel}","templated":true}]}}