{"id":19583,"date":"2017-12-10T23:08:51","date_gmt":"2017-12-11T04:08:51","guid":{"rendered":"http:\/\/elinformanteperu.com\/?p=19583"},"modified":"2017-12-10T23:08:51","modified_gmt":"2017-12-11T04:08:51","slug":"paolo-guerrero-gareca-y-las-variantes-que-maneja-para-reemplazar-al-goleador","status":"publish","type":"post","link":"https:\/\/elinformanteperu.com\/index.php\/2017\/12\/10\/paolo-guerrero-gareca-y-las-variantes-que-maneja-para-reemplazar-al-goleador\/","title":{"rendered":"Paolo Guerrero: Gareca y las variantes que maneja para reemplazar al goleador"},"content":{"rendered":"<p><strong><span style=\"color: #000000;\">El seleccionador de Per\u00fa, Ricardo Gareca, se enfrenta al dur\u00edsimo reto de encontrar un reemplazo para su estrella Paolo Guerrero, suspendido un a\u00f1o por la FIFA.<\/span><\/strong><\/p>\n<p><span style=\"color: #000000;\"><strong>Lima, 10 Diciembre 2017, (ANDINA).-<\/strong> El seleccionador de Per\u00fa, Ricardo Gareca, se enfrenta al dur\u00edsimo reto de encontrar un reemplazo para su estrella Paolo Guerrero, suspendido un a\u00f1o por la FIFA, en un territorio escaso de delanteros efectivos.<\/span><\/p>\n<p><span style=\"color: #000000;\">En este momento de incertidumbre en que el combinado inca deber\u00e1 aprender a jugar sin Guerrero, se fortalece la frase de Gareca durante una entrevista en noviembre a ESPN \u00ablos muchachos lo saben, Per\u00fa es una selecci\u00f3n que si no trabaja como equipo no va a tener ninguna posibilidad. Tenemos que priorizar el rol de equipo sobre las individualidades\u00bb.<\/span><\/p>\n<p><span style=\"color: #000000;\">Ese pensamiento llev\u00f3 al t\u00e9cnico jugar sin Guerrero (ya estaba suspendido previamente por 30 d\u00edas) los partidos del repechaje contra Nueva Zelanda y lograr la clasificaci\u00f3n al mundial.<\/span><\/p>\n<p><span style=\"color: #000000;\">En el partido de ida en el estadio Westpac, de Wellington, Per\u00fa sali\u00f3 al gramado con un solo atacante, el delantero del ruso Lokomotiv, Jefferson Farf\u00e1n. En el de vuelta, en Lima, mand\u00f3 dos delanteros: Farf\u00e1n y Ra\u00fal Ruidiaz del Morelia de M\u00e9xico.<\/span><\/p>\n<p><span style=\"color: #000000;\">\u00abLa bicolor no debe perder el foco. S\u00ed, resulta muy doloroso pensar que no contaremos con &#8216;el Depredador&#8217; (Guerrero), pero en el peor de los escenarios tendremos que asumirlo\u00bb, se\u00f1ala el diario Depor.<\/span><\/p>\n<p><strong><span style=\"color: #000000;\">Se busca delantero<\/span><\/strong><\/p>\n<p><img fetchpriority=\"high\" decoding=\"async\" class=\"aligncenter size-full wp-image-18653\" src=\"http:\/\/elinformanteperu.com\/wp-content\/uploads\/2017\/11\/farfan-homenaje-a-paolo.jpg\" alt=\"\" width=\"1800\" height=\"1200\" srcset=\"https:\/\/elinformanteperu.com\/wp-content\/uploads\/2017\/11\/farfan-homenaje-a-paolo.jpg 1800w, https:\/\/elinformanteperu.com\/wp-content\/uploads\/2017\/11\/farfan-homenaje-a-paolo-300x200.jpg 300w, https:\/\/elinformanteperu.com\/wp-content\/uploads\/2017\/11\/farfan-homenaje-a-paolo-768x512.jpg 768w, https:\/\/elinformanteperu.com\/wp-content\/uploads\/2017\/11\/farfan-homenaje-a-paolo-1024x683.jpg 1024w, https:\/\/elinformanteperu.com\/wp-content\/uploads\/2017\/11\/farfan-homenaje-a-paolo-128x85.jpg 128w, https:\/\/elinformanteperu.com\/wp-content\/uploads\/2017\/11\/farfan-homenaje-a-paolo-32x21.jpg 32w\" sizes=\"(max-width: 1800px) 100vw, 1800px\" \/><span style=\"color: #000000;\">El abanico de jugadores al que deber\u00e1 acudir Gareca para hallar un hombre de \u00e1rea no es muy frondoso, sino m\u00e1s bien escaso. La primera chance la tiene Farf\u00e1n que est\u00e1 jugando de \u00ab9\u00bb en Lokomotiv y convirtiendo goles, y lo sigue el habilidoso Ruidiaz.<\/span><\/p>\n<p><span style=\"color: #000000;\">El DT de Per\u00fa en la entrevista con ESPN sostiene que el caso de Claudio Pizarro (FC Colonia de Alemania) -muy resistido por un sector de la prensa por su falta de gol en la selecci\u00f3n- \u00abtiene 39 a\u00f1os, no se puede planificar nada con Claudio, es el d\u00eda a d\u00eda para ver como estar\u00e1 en cada etapa y cuando se elabore la lista final para el mundial\u00bb.<\/span><\/p>\n<p><span style=\"color: #000000;\">Sobre Gianluca Lapudula (Genoa de Italia), hijo de madre peruana, \u00abtiene posibilidades, si da una se\u00f1al que tiene inter\u00e9s, lo comenzar\u00edamos a considerar, es un goleador, nos gusta\u00bb.<\/span><\/p>\n<p><span style=\"color: #000000;\">Luego est\u00e1n Iv\u00e1n Bulos (Boavista, Portugal), quien no fue convocado en los \u00faltimos partidos por lesi\u00f3n; Yordy Reyna (Vancouver de Canad\u00e1), Beto Da Silva (Gremio de Brasil).<\/span><\/p>\n<p><span style=\"color: #000000;\">Mirando el campeonato dom\u00e9stico, el t\u00e9cnico ha mostrado inter\u00e9s por los atacantes del Sporting Cristal, Irven Avila; de la San Mart\u00edn, Alexander Succar; del Deportivo Municipal, Juan Carlos Fern\u00e1ndez.<\/span><\/p>\n<p><strong><span style=\"color: #000000;\">Estrategias sin Guerrero<\/span><\/strong><\/p>\n<p><img decoding=\"async\" class=\"aligncenter wp-image-9658\" src=\"http:\/\/elinformanteperu.com\/wp-content\/uploads\/2017\/05\/paolo-farfan.jpg\" alt=\"\" width=\"460\" height=\"259\" srcset=\"https:\/\/elinformanteperu.com\/wp-content\/uploads\/2017\/05\/paolo-farfan.jpg 439w, https:\/\/elinformanteperu.com\/wp-content\/uploads\/2017\/05\/paolo-farfan-300x169.jpg 300w, https:\/\/elinformanteperu.com\/wp-content\/uploads\/2017\/05\/paolo-farfan-128x72.jpg 128w, https:\/\/elinformanteperu.com\/wp-content\/uploads\/2017\/05\/paolo-farfan-32x18.jpg 32w\" sizes=\"(max-width: 460px) 100vw, 460px\" \/><span style=\"color: #000000;\">Al igual que Colombia cuando se qued\u00f3 sin su goleador Radamel Falcao para el Mundial Brasil-2014 por una lesi\u00f3n a la rodilla, y su t\u00e9cnico Jos\u00e9 Pekerman adapt\u00f3 al equipo a una nueva estrategia, Per\u00fa deber\u00e1 asumir alternativas sin Guerrero.<\/span><\/p>\n<p><span style=\"color: #000000;\">El t\u00e9cnico del combinado inca, que logr\u00f3 que Per\u00fa asista a un Mundial luego de 36 a\u00f1os de ausencia, podr\u00eda dejar de lado su tradicional sistema de juego 4-2-3-1, en la que ten\u00eda como referente y \u00fanico hombre de \u00e1rea a Guerrero, de cara a Rusia-2018.<\/span><\/p>\n<p><span style=\"color: #000000;\">Per\u00fa est\u00e1 sembrado en el Grupo C junto a Francia, Dinamarca y Australia.<\/span><\/p>\n<p><span style=\"color: #000000;\">Una alternativa que la prensa viene barajando es el 4-4-2 con Farf\u00e1n y Ruidiaz de atacantes, para hacer m\u00e1s flexible esa zona de ataque y con mayor presencia de los laterales.<\/span><\/p>\n<p><span style=\"color: #000000;\">Los primeros indicios de la nueva estrategia, que estar\u00e1 esbozando Gareca en tienda peruana, se ver\u00e1 con los amistosos, as\u00ed como retoques a esas alternativas.<\/span><\/p>\n<p><span style=\"color: #000000;\">Sin Guerrero, Gareca tiene hasta junio en que se inicia el Mundial para consolidar sus ideas y plasmar un equipo que no sienta la ausencia del Depredador ni en la estrategia ni el \u00e1nimo de los jugadores. Dif\u00edcil tarea del t\u00e9cnico.<\/span><\/p>\n<p><iframe src=\"https:\/\/www.youtube-nocookie.com\/embed\/RXTbu_Il41U?rel=0&amp;controls=0&amp;showinfo=0\" width=\"560\" height=\"315\" frameborder=\"0\" allowfullscreen=\"allowfullscreen\"><\/iframe><\/p>\n","protected":false},"excerpt":{"rendered":"<p>El seleccionador de Per\u00fa, Ricardo Gareca, se enfrenta al dur\u00edsimo reto de encontrar un reemplazo para su estrella Paolo Guerrero, suspendido un a\u00f1o por la FIFA. Lima, 10 Diciembre 2017, (ANDINA).- El seleccionador de Per\u00fa, Ricardo Gareca, se enfrenta al dur\u00edsimo reto de encontrar un reemplazo para su estrella Paolo Guerrero, suspendido un a\u00f1o por [&hellip;]<\/p>\n","protected":false},"author":1,"featured_media":17952,"comment_status":"open","ping_status":"open","sticky":false,"template":"","format":"standard","meta":{"rop_custom_images_group":[],"rop_custom_messages_group":[],"rop_publish_now":"initial","rop_publish_now_accounts":[],"rop_publish_now_history":[],"rop_publish_now_status":"pending","footnotes":""},"categories":[8],"tags":[203,92,137],"class_list":["post-19583","post","type-post","status-publish","format-standard","has-post-thumbnail","hentry","category-disciplinas-deportivas","tag-paolo-guerrero","tag-ricardo-gareca","tag-seleccion-peruana"],"_links":{"self":[{"href":"https:\/\/elinformanteperu.com\/index.php\/wp-json\/wp\/v2\/posts\/19583","targetHints":{"allow":["GET"]}}],"collection":[{"href":"https:\/\/elinformanteperu.com\/index.php\/wp-json\/wp\/v2\/posts"}],"about":[{"href":"https:\/\/elinformanteperu.com\/index.php\/wp-json\/wp\/v2\/types\/post"}],"author":[{"embeddable":true,"href":"https:\/\/elinformanteperu.com\/index.php\/wp-json\/wp\/v2\/users\/1"}],"replies":[{"embeddable":true,"href":"https:\/\/elinformanteperu.com\/index.php\/wp-json\/wp\/v2\/comments?post=19583"}],"version-history":[{"count":1,"href":"https:\/\/elinformanteperu.com\/index.php\/wp-json\/wp\/v2\/posts\/19583\/revisions"}],"predecessor-version":[{"id":19584,"href":"https:\/\/elinformanteperu.com\/index.php\/wp-json\/wp\/v2\/posts\/19583\/revisions\/19584"}],"wp:featuredmedia":[{"embeddable":true,"href":"https:\/\/elinformanteperu.com\/index.php\/wp-json\/wp\/v2\/media\/17952"}],"wp:attachment":[{"href":"https:\/\/elinformanteperu.com\/index.php\/wp-json\/wp\/v2\/media?parent=19583"}],"wp:term":[{"taxonomy":"category","embeddable":true,"href":"https:\/\/elinformanteperu.com\/index.php\/wp-json\/wp\/v2\/categories?post=19583"},{"taxonomy":"post_tag","embeddable":true,"href":"https:\/\/elinformanteperu.com\/index.php\/wp-json\/wp\/v2\/tags?post=19583"}],"curies":[{"name":"wp","href":"https:\/\/api.w.org\/{rel}","templated":true}]}}