{"id":19553,"date":"2017-12-09T02:14:46","date_gmt":"2017-12-09T07:14:46","guid":{"rendered":"http:\/\/elinformanteperu.com\/?p=19553"},"modified":"2017-12-09T02:14:46","modified_gmt":"2017-12-09T07:14:46","slug":"fuerza-popular-chlimper-reconoce-que-allanamientos-fueron-legales","status":"publish","type":"post","link":"https:\/\/elinformanteperu.com\/index.php\/2017\/12\/09\/fuerza-popular-chlimper-reconoce-que-allanamientos-fueron-legales\/","title":{"rendered":"Fuerza Popular: Chlimper reconoce que allanamientos fueron legales"},"content":{"rendered":"<p><strong><span style=\"color: #000000;\">El secretario general de Fuerza Popular, Jos\u00e9 Chlimper, reconoci\u00f3 que fue legal el allanamiento a dos locales de su partido en el cercado de Lima y Surco.<\/span><\/strong><\/p>\n<p><span style=\"color: #000000;\"><strong>Lima, 08 Diciembre 2017, (ANDINA).-<\/strong> El secretario general de Fuerza Popular, Jos\u00e9 Chlimper, reconoci\u00f3 que fue legal el allanamiento a dos locales de su partido en el cercado de Lima y Surco, diligencias realizadas ayer por orden del Poder Judicial.<\/span><\/p>\n<p><span style=\"color: #000000;\">Sin embargo, reiter\u00f3 que la intervenci\u00f3n fiscal fue innecesaria, al insistir en que la documentaci\u00f3n contable de la campa\u00f1a electoral de Fuerza Popular fue enviada con anterioridad al Ministerio P\u00fablico.<\/span><\/p>\n<p><span style=\"color: #000000;\">\u201cHemos le\u00eddo con detenimiento y estudiado la parte legal del auto de allanamiento y lo que puedo decir es que es legal (\u2026) lo \u00fanico es que no debieron hacer fue romper la puerta, sino tocar el timbre\u201d, expres\u00f3.<\/span><\/p>\n<p><span style=\"color: #000000;\">Inform\u00f3 que la diligencia de allanamiento en el local de Fuerza Popular, en Surco, dur\u00f3 hasta las 03.00 horas debido a que all\u00ed se encontraba la mayor parte de la informaci\u00f3n contable y pol\u00edtica del partido.<\/span><\/p>\n<p><span style=\"color: #000000;\">Chlimper consider\u00f3 poco serios los argumentos de la Fiscal\u00eda para solicitar una orden de allanamiento al juez, porque se basaron en recortes period\u00edsticos y no en informaci\u00f3n corroborada.<\/span><\/p>\n<p><span style=\"color: #000000;\">Adem\u00e1s, ratific\u00f3 la transparencia contable de Fuerza Popular, y neg\u00f3 una noble contabilidad como se especula. Al respecto, aclar\u00f3 que el partido tiene notariados todos sus libros contables de acuerdo a ley.<\/span><\/p>\n<p><span style=\"color: #000000;\">Afirm\u00f3 que el informe contable sobre la campa\u00f1a electoral de Fuerza Popular es el mismo presentado, en su momento, ante la Oficina Nacional de Procesos Electorales (ONPE).<\/span><\/p>\n<p><strong><span style=\"color: #000000;\">Gra\u00f1a y Montero<\/span><\/strong><\/p>\n<p><span style=\"color: #000000;\">Chlimper tambi\u00e9n descart\u00f3 haber visto obras relacionadas a Odebrecht cuando fue miembro del directorio de Gra\u00f1a y Montero.<\/span><\/p>\n<p><span style=\"color: #000000;\">Dijo sentirse \u00abherido emocionalmente\u00bb por el encarcelamiento preventivo de los directivos de la citada empresa constructora por pago de coimas y dijo esperar que el proceso judicial aclare su situaci\u00f3n.<\/span><\/p>\n<p><span style=\"color: #000000;\">El dirigente fujimorista reiter\u00f3 su disposici\u00f3n de colaborar con las investigaciones fiscales y de acudir a la Comisi\u00f3n Lava Jato del Congreso cuando sea notificado.<\/span><\/p>\n","protected":false},"excerpt":{"rendered":"<p>El secretario general de Fuerza Popular, Jos\u00e9 Chlimper, reconoci\u00f3 que fue legal el allanamiento a dos locales de su partido en el cercado de Lima y Surco. Lima, 08 Diciembre 2017, (ANDINA).- El secretario general de Fuerza Popular, Jos\u00e9 Chlimper, reconoci\u00f3 que fue legal el allanamiento a dos locales de su partido en el cercado [&hellip;]<\/p>\n","protected":false},"author":1,"featured_media":19554,"comment_status":"open","ping_status":"open","sticky":false,"template":"","format":"standard","meta":{"rop_custom_images_group":[],"rop_custom_messages_group":[],"rop_publish_now":"initial","rop_publish_now_accounts":[],"rop_publish_now_history":[],"rop_publish_now_status":"pending","footnotes":""},"categories":[5],"tags":[192,295,2461,619],"class_list":["post-19553","post","type-post","status-publish","format-standard","has-post-thumbnail","hentry","category-actualidad-informativa","tag-congreso","tag-fuerza-popular","tag-jose-chlimper","tag-odebrecht"],"_links":{"self":[{"href":"https:\/\/elinformanteperu.com\/index.php\/wp-json\/wp\/v2\/posts\/19553","targetHints":{"allow":["GET"]}}],"collection":[{"href":"https:\/\/elinformanteperu.com\/index.php\/wp-json\/wp\/v2\/posts"}],"about":[{"href":"https:\/\/elinformanteperu.com\/index.php\/wp-json\/wp\/v2\/types\/post"}],"author":[{"embeddable":true,"href":"https:\/\/elinformanteperu.com\/index.php\/wp-json\/wp\/v2\/users\/1"}],"replies":[{"embeddable":true,"href":"https:\/\/elinformanteperu.com\/index.php\/wp-json\/wp\/v2\/comments?post=19553"}],"version-history":[{"count":1,"href":"https:\/\/elinformanteperu.com\/index.php\/wp-json\/wp\/v2\/posts\/19553\/revisions"}],"predecessor-version":[{"id":19555,"href":"https:\/\/elinformanteperu.com\/index.php\/wp-json\/wp\/v2\/posts\/19553\/revisions\/19555"}],"wp:featuredmedia":[{"embeddable":true,"href":"https:\/\/elinformanteperu.com\/index.php\/wp-json\/wp\/v2\/media\/19554"}],"wp:attachment":[{"href":"https:\/\/elinformanteperu.com\/index.php\/wp-json\/wp\/v2\/media?parent=19553"}],"wp:term":[{"taxonomy":"category","embeddable":true,"href":"https:\/\/elinformanteperu.com\/index.php\/wp-json\/wp\/v2\/categories?post=19553"},{"taxonomy":"post_tag","embeddable":true,"href":"https:\/\/elinformanteperu.com\/index.php\/wp-json\/wp\/v2\/tags?post=19553"}],"curies":[{"name":"wp","href":"https:\/\/api.w.org\/{rel}","templated":true}]}}