{"id":19537,"date":"2017-12-09T01:52:47","date_gmt":"2017-12-09T06:52:47","guid":{"rendered":"http:\/\/elinformanteperu.com\/?p=19537"},"modified":"2017-12-09T01:52:47","modified_gmt":"2017-12-09T06:52:47","slug":"fuerza-popular-intervencion-de-fiscalia-en-local-del-centro-de-lima","status":"publish","type":"post","link":"https:\/\/elinformanteperu.com\/index.php\/2017\/12\/09\/fuerza-popular-intervencion-de-fiscalia-en-local-del-centro-de-lima\/","title":{"rendered":"Fuerza Popular: intervenci\u00f3n de fiscal\u00eda en local del Centro de Lima"},"content":{"rendered":"<p><strong><span style=\"color: #000000;\">La diligencia de allanamiento en el local de Fuerza Popular ubicado en el Centro de Lima, concluy\u00f3, tras diez horas de haberse iniciado.<\/span><\/strong><\/p>\n<p><span style=\"color: #000000;\"><strong>Lima, 07 Diciembre 2017, (ANDINA).-<\/strong> La diligencia de allanamiento en el local de Fuerza Popular ubicado en el Centro de Lima, concluy\u00f3, tras diez horas de haberse iniciado.<\/span><\/p>\n<p><span style=\"color: #000000;\">El fiscal Jos\u00e9 Domingo P\u00e9rez, titular de la fiscal\u00eda de lavado de activos, abandon\u00f3 el local partidario sin dar declaraciones a la prensa.<\/span><\/p>\n<p><span style=\"color: #000000;\">Acompa\u00f1ados de la Polic\u00eda, los miembros del Ministerio P\u00fablico ingresaron a las 09:00 horas al local ubicado en la avenida 9 de diciembre 442, exPaseo Col\u00f3n, con una orden dictada por el juez Richard Concepci\u00f3n Carhuancho.<\/span><\/p>\n<p><span style=\"color: #000000;\">Seg\u00fan el congresista H\u00e9ctor Becerril (FP), de este local se habr\u00edan incautado tres folders y dos computadoras port\u00e1tiles.<\/span><\/p>\n<p><span style=\"color: #000000;\">La diligencia en el local ubicado en el jir\u00f3n Morochucos 1490, urbanizaci\u00f3n Constanza, en Surco, contin\u00faa.<\/span><\/p>\n<p><span style=\"color: #000000;\">Jos\u00e9 Chlimpler, secretario general de Fuerzas Popular, indic\u00f3 que en este local se guardan los documentos contables del partido que lidera Keiko Fujimori, cuyas copias, seg\u00fan dijo, fueron entregados a la fiscal\u00eda hace d\u00edas.<\/span><\/p>\n<p><span style=\"color: #000000;\">La fiscal\u00eda de lavado de activos investiga a la lideresa de Fuerza Popular por los aportes a su partido para la campa\u00f1a de 2011, los fondos recaudados en actividades y los apuntes en las agendas de Marcelo Odebrecht, que la mencionan.<\/span><\/p>\n<p><span style=\"color: #000000;\">La jueza Elizabeth Arias Quispe dispuso el pasado 21 de noviembre un plazo de 10 d\u00edas para que el fiscal Jos\u00e9 Domingo P\u00e9rez proceda a formalizar la investigaci\u00f3n o archivar el caso.<\/span><\/p>\n","protected":false},"excerpt":{"rendered":"<p>La diligencia de allanamiento en el local de Fuerza Popular ubicado en el Centro de Lima, concluy\u00f3, tras diez horas de haberse iniciado. Lima, 07 Diciembre 2017, (ANDINA).- La diligencia de allanamiento en el local de Fuerza Popular ubicado en el Centro de Lima, concluy\u00f3, tras diez horas de haberse iniciado. El fiscal Jos\u00e9 Domingo [&hellip;]<\/p>\n","protected":false},"author":1,"featured_media":19538,"comment_status":"open","ping_status":"open","sticky":false,"template":"","format":"standard","meta":{"rop_custom_images_group":[],"rop_custom_messages_group":[],"rop_publish_now":"initial","rop_publish_now_accounts":[],"rop_publish_now_history":[],"rop_publish_now_status":"pending","footnotes":""},"categories":[5],"tags":[430,295,557,619],"class_list":["post-19537","post","type-post","status-publish","format-standard","has-post-thumbnail","hentry","category-actualidad-informativa","tag-fiscalia","tag-fuerza-popular","tag-keiko-fujimori","tag-odebrecht"],"_links":{"self":[{"href":"https:\/\/elinformanteperu.com\/index.php\/wp-json\/wp\/v2\/posts\/19537","targetHints":{"allow":["GET"]}}],"collection":[{"href":"https:\/\/elinformanteperu.com\/index.php\/wp-json\/wp\/v2\/posts"}],"about":[{"href":"https:\/\/elinformanteperu.com\/index.php\/wp-json\/wp\/v2\/types\/post"}],"author":[{"embeddable":true,"href":"https:\/\/elinformanteperu.com\/index.php\/wp-json\/wp\/v2\/users\/1"}],"replies":[{"embeddable":true,"href":"https:\/\/elinformanteperu.com\/index.php\/wp-json\/wp\/v2\/comments?post=19537"}],"version-history":[{"count":1,"href":"https:\/\/elinformanteperu.com\/index.php\/wp-json\/wp\/v2\/posts\/19537\/revisions"}],"predecessor-version":[{"id":19539,"href":"https:\/\/elinformanteperu.com\/index.php\/wp-json\/wp\/v2\/posts\/19537\/revisions\/19539"}],"wp:featuredmedia":[{"embeddable":true,"href":"https:\/\/elinformanteperu.com\/index.php\/wp-json\/wp\/v2\/media\/19538"}],"wp:attachment":[{"href":"https:\/\/elinformanteperu.com\/index.php\/wp-json\/wp\/v2\/media?parent=19537"}],"wp:term":[{"taxonomy":"category","embeddable":true,"href":"https:\/\/elinformanteperu.com\/index.php\/wp-json\/wp\/v2\/categories?post=19537"},{"taxonomy":"post_tag","embeddable":true,"href":"https:\/\/elinformanteperu.com\/index.php\/wp-json\/wp\/v2\/tags?post=19537"}],"curies":[{"name":"wp","href":"https:\/\/api.w.org\/{rel}","templated":true}]}}