{"id":19527,"date":"2017-12-09T01:37:21","date_gmt":"2017-12-09T06:37:21","guid":{"rendered":"http:\/\/elinformanteperu.com\/?p=19527"},"modified":"2017-12-09T01:37:21","modified_gmt":"2017-12-09T06:37:21","slug":"carmen-de-la-legua-celebro-53-aniversario-con-musica-y-premios","status":"publish","type":"post","link":"https:\/\/elinformanteperu.com\/index.php\/2017\/12\/09\/carmen-de-la-legua-celebro-53-aniversario-con-musica-y-premios\/","title":{"rendered":"Carmen de la Legua celebr\u00f3 53 aniversario con m\u00fasica y premios"},"content":{"rendered":"<p><strong><span style=\"color: #000000;\">Vecinos y autoridades celebraron el 53 aniversario de creaci\u00f3n del distrito de Carmen de la Legua-Reynoso en medio de una salva de camaretazos.<\/span><\/strong><\/p>\n<p><span style=\"color: #000000;\"><strong>Lima, 08 Diciembre 2017, (ANDINA).-<\/strong> Con una salva de camaretazos, premios, sesi\u00f3n solemne y acci\u00f3n lit\u00fargica, vecinos y autoridades celebraron el 53 aniversario de creaci\u00f3n del distrito de Municipalidad.<\/span><\/p>\n<p><span style=\"color: #000000;\">La celebraci\u00f3n incluy\u00f3 una serie de actividades, con la participaci\u00f3n de ni\u00f1os, adultos mayores y el grupo de ballet de ni\u00f1as con alguna discapacidad. Asimismo, la agrupaci\u00f3n de salsa \u00abSon Tentaci\u00f3n\u00bb puso a bailar a m\u00e1s de uno con canciones del momento.<\/span><\/p>\n<p><span style=\"color: #000000;\">Se sorte\u00f3 5,300 soles, adem\u00e1s de lavadoras, cocinas, premios en efectivo y electrodom\u00e9sticos en la plaza de armas del distrito, donde se reunieron m\u00e1s de siete mil vecinos.<\/span><\/p>\n<p><strong><span style=\"color: #000000;\">Sesi\u00f3n solemne<\/span><\/strong><\/p>\n<p><span style=\"color: #000000;\">Posteriormente, la plaza &#8216;Miguel Grau&#8217; de Carmen de la Legua-Reynoso fue el escenario principal para la celebraci\u00f3n de la misa y sesi\u00f3n solemne, que cont\u00f3 con la asistencia de las autoridades de la regi\u00f3n Callao, presidida por el burgomaestre carmelino Ra\u00fal Odar Cabrejos.<\/span><\/p>\n<p><span style=\"color: #000000;\">Tras la izamiento del Pabell\u00f3n Nacional y la entonaci\u00f3n del Himno Patrio, se procedi\u00f3 a la acci\u00f3n lit\u00fargica.<\/span><\/p>\n<p><span style=\"color: #000000;\">Durante su alocuci\u00f3n, Odar Cabrejos dijo que el binomio vecinos-municipio es la clave para alcanzar el desarrollo socio-econ\u00f3mico del distrito, en beneficio de sus miles de pobladores. Destac\u00f3 los trabajos de limpieza, descolmataci\u00f3n y enrocado del r\u00edo R\u00edmac.<\/span><\/p>\n<p><span style=\"color: #000000;\">Asimismo, la construcci\u00f3n de un parque ecol\u00f3gico con m\u00e1s de 5 mil \u00e1rboles, a lo largo de m\u00e1s de 1,700 metros l\u00edneales del &#8216;R\u00edo Hablador&#8217;, as\u00ed como pistas y veredas en todo el distrito.<\/span><\/p>\n<p><span style=\"color: #000000;\">En el sector Educaci\u00f3n, manifest\u00f3 que la comuna carmelina ha entregado pack completo de \u00fatiles escolares, buzos, zapatillas y mochilas a alumnos de los colegios.<\/span><\/p>\n","protected":false},"excerpt":{"rendered":"<p>Vecinos y autoridades celebraron el 53 aniversario de creaci\u00f3n del distrito de Carmen de la Legua-Reynoso en medio de una salva de camaretazos. Lima, 08 Diciembre 2017, (ANDINA).- Con una salva de camaretazos, premios, sesi\u00f3n solemne y acci\u00f3n lit\u00fargica, vecinos y autoridades celebraron el 53 aniversario de creaci\u00f3n del distrito de Municipalidad. La celebraci\u00f3n incluy\u00f3 [&hellip;]<\/p>\n","protected":false},"author":1,"featured_media":19528,"comment_status":"open","ping_status":"open","sticky":false,"template":"","format":"standard","meta":{"rop_custom_images_group":[],"rop_custom_messages_group":[],"rop_publish_now":"initial","rop_publish_now_accounts":[],"rop_publish_now_history":[],"rop_publish_now_status":"pending","footnotes":""},"categories":[10],"tags":[2535,122],"class_list":["post-19527","post","type-post","status-publish","format-standard","has-post-thumbnail","hentry","category-actualidad-municipal","tag-municipalidad-de-carmen-de-la-legua-reynoso","tag-municipalidad-de-lima"],"_links":{"self":[{"href":"https:\/\/elinformanteperu.com\/index.php\/wp-json\/wp\/v2\/posts\/19527","targetHints":{"allow":["GET"]}}],"collection":[{"href":"https:\/\/elinformanteperu.com\/index.php\/wp-json\/wp\/v2\/posts"}],"about":[{"href":"https:\/\/elinformanteperu.com\/index.php\/wp-json\/wp\/v2\/types\/post"}],"author":[{"embeddable":true,"href":"https:\/\/elinformanteperu.com\/index.php\/wp-json\/wp\/v2\/users\/1"}],"replies":[{"embeddable":true,"href":"https:\/\/elinformanteperu.com\/index.php\/wp-json\/wp\/v2\/comments?post=19527"}],"version-history":[{"count":1,"href":"https:\/\/elinformanteperu.com\/index.php\/wp-json\/wp\/v2\/posts\/19527\/revisions"}],"predecessor-version":[{"id":19529,"href":"https:\/\/elinformanteperu.com\/index.php\/wp-json\/wp\/v2\/posts\/19527\/revisions\/19529"}],"wp:featuredmedia":[{"embeddable":true,"href":"https:\/\/elinformanteperu.com\/index.php\/wp-json\/wp\/v2\/media\/19528"}],"wp:attachment":[{"href":"https:\/\/elinformanteperu.com\/index.php\/wp-json\/wp\/v2\/media?parent=19527"}],"wp:term":[{"taxonomy":"category","embeddable":true,"href":"https:\/\/elinformanteperu.com\/index.php\/wp-json\/wp\/v2\/categories?post=19527"},{"taxonomy":"post_tag","embeddable":true,"href":"https:\/\/elinformanteperu.com\/index.php\/wp-json\/wp\/v2\/tags?post=19527"}],"curies":[{"name":"wp","href":"https:\/\/api.w.org\/{rel}","templated":true}]}}