{"id":19525,"date":"2017-12-09T01:33:30","date_gmt":"2017-12-09T06:33:30","guid":{"rendered":"http:\/\/elinformanteperu.com\/?p=19525"},"modified":"2017-12-09T01:33:30","modified_gmt":"2017-12-09T06:33:30","slug":"pnp-tendra-mapa-georreferenciado-de-victimas-de-violencia-familiar-con-proteccion","status":"publish","type":"post","link":"https:\/\/elinformanteperu.com\/index.php\/2017\/12\/09\/pnp-tendra-mapa-georreferenciado-de-victimas-de-violencia-familiar-con-proteccion\/","title":{"rendered":"PNP tendr\u00e1 mapa georreferenciado de v\u00edctimas de violencia familiar con protecci\u00f3n"},"content":{"rendered":"<p><strong><span style=\"color: #000000;\">La Defensor\u00eda del Pueblo salud\u00f3 el inicio de la primera fase de la puesta en marcha del mapa gr\u00e1fico y georreferenciado de registro de v\u00edctimas de violencia familiar.<\/span><\/strong><\/p>\n<p><span style=\"color: #000000;\"><strong>Lima, 08 Diciembre 2017, (ANDINA).-<\/strong> La Defensor\u00eda del Pueblo salud\u00f3 el inicio de la primera fase de la puesta en marcha del mapa gr\u00e1fico y georreferenciado de registro de v\u00edctimas de violencia familiar con medidas de protecci\u00f3n en las comisar\u00edas de Lima Metropolitana, Arequipa, Moquegua, Tacna y Cusco.<\/span><\/p>\n<p><span style=\"color: #000000;\">Esto permitir\u00e1 que en el Sistema de Denuncias Policiales se registre y visualice la ubicaci\u00f3n de las v\u00edctimas de violencia contra la mujer e integrantes del grupo familiar.<\/span><\/p>\n<p><span style=\"color: #000000;\">Tras una supervisi\u00f3n realizada a las comisar\u00edas b\u00e1sicas (secci\u00f3n familia) y las comisar\u00edas especializadas de familia, la Defensor\u00eda recomend\u00f3 a la Direcci\u00f3n General de la Polic\u00eda Nacional implementar esta herramienta, exigida por la Ley N\u00b0 30364 vigente desde el 2015 \u2013 \u201cLey para prevenir, sancionar y erradicar la violencia contra las mujeres y los integrantes del grupo familiar\u201d.<\/span><\/p>\n<p><span style=\"color: #000000;\">Esta aplicaci\u00f3n inform\u00e1tica tiene como fin que las comisar\u00edas tengan geolocalizadas a todas las v\u00edctimas con medidas de protecci\u00f3n de sus respectivas jurisdicciones, a\u00f1adi\u00f3 la Defensor\u00eda.<\/span><\/p>\n<p><span style=\"color: #000000;\">Una vez esta informaci\u00f3n est\u00e9 disponible, se pueden trazar rutas de patrullaje o mantener efectivos policiales cercanos a las zonas de mayor riesgo para la pronta atenci\u00f3n de las personas m\u00e1s vulnerables.<\/span><\/p>\n<p><span style=\"color: #000000;\">De otro lado, la Defensor\u00eda fue informada de que -para que las dem\u00e1s comisar\u00edas a nivel nacional cuenten con dicha herramienta inform\u00e1tica- se requiere con urgencia la asignaci\u00f3n de recursos por el Ministerio del Interior para la adquisici\u00f3n de servidores de almacenamiento.<\/span><\/p>\n<p><span style=\"color: #000000;\">Por ello, voceros de la instituci\u00f3n exhortaron al Gobierno a asignar recursos para la ejecuci\u00f3n de las medidas de protecci\u00f3n a las v\u00edctimas de violencia contra la mujer e integrantes del entorno familiar, por constituir un grupo vulnerable que requiere de una debida diligencia por parte de los operadores de la administraci\u00f3n de justicia.<\/span><\/p>\n","protected":false},"excerpt":{"rendered":"<p>La Defensor\u00eda del Pueblo salud\u00f3 el inicio de la primera fase de la puesta en marcha del mapa gr\u00e1fico y georreferenciado de registro de v\u00edctimas de violencia familiar. Lima, 08 Diciembre 2017, (ANDINA).- La Defensor\u00eda del Pueblo salud\u00f3 el inicio de la primera fase de la puesta en marcha del mapa gr\u00e1fico y georreferenciado de [&hellip;]<\/p>\n","protected":false},"author":1,"featured_media":7217,"comment_status":"open","ping_status":"open","sticky":false,"template":"","format":"standard","meta":{"rop_custom_images_group":[],"rop_custom_messages_group":[],"rop_publish_now":"initial","rop_publish_now_accounts":[],"rop_publish_now_history":[],"rop_publish_now_status":"pending","footnotes":""},"categories":[10],"tags":[428,310,438,281],"class_list":["post-19525","post","type-post","status-publish","format-standard","has-post-thumbnail","hentry","category-actualidad-municipal","tag-defensoria-del-pueblo","tag-feminicidios","tag-pnp","tag-policia-nacional"],"_links":{"self":[{"href":"https:\/\/elinformanteperu.com\/index.php\/wp-json\/wp\/v2\/posts\/19525","targetHints":{"allow":["GET"]}}],"collection":[{"href":"https:\/\/elinformanteperu.com\/index.php\/wp-json\/wp\/v2\/posts"}],"about":[{"href":"https:\/\/elinformanteperu.com\/index.php\/wp-json\/wp\/v2\/types\/post"}],"author":[{"embeddable":true,"href":"https:\/\/elinformanteperu.com\/index.php\/wp-json\/wp\/v2\/users\/1"}],"replies":[{"embeddable":true,"href":"https:\/\/elinformanteperu.com\/index.php\/wp-json\/wp\/v2\/comments?post=19525"}],"version-history":[{"count":1,"href":"https:\/\/elinformanteperu.com\/index.php\/wp-json\/wp\/v2\/posts\/19525\/revisions"}],"predecessor-version":[{"id":19526,"href":"https:\/\/elinformanteperu.com\/index.php\/wp-json\/wp\/v2\/posts\/19525\/revisions\/19526"}],"wp:featuredmedia":[{"embeddable":true,"href":"https:\/\/elinformanteperu.com\/index.php\/wp-json\/wp\/v2\/media\/7217"}],"wp:attachment":[{"href":"https:\/\/elinformanteperu.com\/index.php\/wp-json\/wp\/v2\/media?parent=19525"}],"wp:term":[{"taxonomy":"category","embeddable":true,"href":"https:\/\/elinformanteperu.com\/index.php\/wp-json\/wp\/v2\/categories?post=19525"},{"taxonomy":"post_tag","embeddable":true,"href":"https:\/\/elinformanteperu.com\/index.php\/wp-json\/wp\/v2\/tags?post=19525"}],"curies":[{"name":"wp","href":"https:\/\/api.w.org\/{rel}","templated":true}]}}