{"id":19460,"date":"2017-12-08T10:48:40","date_gmt":"2017-12-08T15:48:40","guid":{"rendered":"http:\/\/elinformanteperu.com\/?p=19460"},"modified":"2017-12-08T10:48:40","modified_gmt":"2017-12-08T15:48:40","slug":"paolo-guerrero-fifa-lo-suspendio-un-ano-y-se-perderia-el-mundial","status":"publish","type":"post","link":"https:\/\/elinformanteperu.com\/index.php\/2017\/12\/08\/paolo-guerrero-fifa-lo-suspendio-un-ano-y-se-perderia-el-mundial\/","title":{"rendered":"Paolo Guerrero: FIFA lo suspendi\u00f3 un a\u00f1o y se perder\u00eda el Mundial"},"content":{"rendered":"<p><strong><span style=\"color: #000000;\">La Comisi\u00f3n Disciplinaria de la FIFA decidi\u00f3 suspender al delantero peruano Paolo Guerrero por un a\u00f1o, tras analizar su caso producto de un control antidoping.<\/span><\/strong><\/p>\n<p><span style=\"color: #000000;\"><strong>Lima, 08 Diciembre 2017, (ANDINA).-<\/strong> La Comisi\u00f3n Disciplinaria de la FIFA decidi\u00f3 suspender al delantero peruano Paolo Guerrero por un a\u00f1o, tras analizar su caso, vinculado a un resultado anal\u00edtico adverso producto de un control antidoping luego del partido ante Argentina en Buenos Aires el 5 de octubre.<\/span><\/p>\n<p><span style=\"color: #000000;\">Seg\u00fan el portal web de la FIFA, el jugador peruano dio positivo por el metabolito de la coca\u00edna benzoilecgonina, una sustancia incluida en la Lista de Prohibiciones de la AMA 2017 en la clase \u00abS6: estimulantes\u00bb.<\/span><\/p>\n<p><span style=\"color: #000000;\">Al haber dado positivo por una sustancia prohibida, indic\u00f3 la FIFA, el futbolista ha contravenido el art\u00edculo 6 del Reglamento Antidopaje de la FIFA y, en consecuencia, el art\u00edculo 63 del C\u00f3digo Disciplinario de la FIFA.<\/span><\/p>\n<p><span style=\"color: #000000;\">El periodo de vigencia de la suspensi\u00f3n comienza el 3 de noviembre de 2017, fecha en la que el jugador fue suspendido de manera provisional.<\/span><\/p>\n<p><span style=\"color: #000000;\">De conformidad con el art\u00edculo 29 del Reglamento Antidopaje de la FIFA, la suspensi\u00f3n incluye, entre otros, todo tipo de partidos en el \u00e1mbito nacional e internacional, amistosos u oficiales.<\/span><\/p>\n<p><span style=\"color: #000000;\">La decisi\u00f3n de la Comisi\u00f3n Disciplinaria de la FIFA fue notificada en la v\u00edspera, seg\u00fan precisa la informaci\u00f3n del m\u00e1ximo ente del f\u00fatbol internacional.<\/span><\/p>\n<p><span style=\"color: #000000;\">El 30 de noviembre, Paolo Guerrero ejerci\u00f3 su defensa durante una audiencia ante la FIFA, en Zurich, junto a sus abogados y un bioqu\u00edmico, luego de la cual el jugador inform\u00f3 que hab\u00eda quedado claro que en su caso no hubo consumo de coca\u00edna.<\/span><\/p>\n<p><span style=\"color: #000000;\">Con la sanci\u00f3n de la FIFA, el delantero nacional se perder\u00eda el Mundial Rusia 2018, que se jugar\u00e1 entre junio y julio del pr\u00f3ximo a\u00f1o.<\/span><\/p>\n<p><span style=\"color: #000000;\">La defensa legal del jugador anunci\u00f3 que apelar\u00eda la sanci\u00f3n.<\/span><\/p>\n<p><img fetchpriority=\"high\" decoding=\"async\" class=\"aligncenter size-full wp-image-17952\" src=\"http:\/\/elinformanteperu.com\/wp-content\/uploads\/2017\/11\/paolo-guerrero-idolo.jpg\" alt=\"\" width=\"604\" height=\"340\" srcset=\"https:\/\/elinformanteperu.com\/wp-content\/uploads\/2017\/11\/paolo-guerrero-idolo.jpg 604w, https:\/\/elinformanteperu.com\/wp-content\/uploads\/2017\/11\/paolo-guerrero-idolo-300x169.jpg 300w, https:\/\/elinformanteperu.com\/wp-content\/uploads\/2017\/11\/paolo-guerrero-idolo-128x72.jpg 128w, https:\/\/elinformanteperu.com\/wp-content\/uploads\/2017\/11\/paolo-guerrero-idolo-32x18.jpg 32w\" sizes=\"(max-width: 604px) 100vw, 604px\" \/><\/p>\n","protected":false},"excerpt":{"rendered":"<p>La Comisi\u00f3n Disciplinaria de la FIFA decidi\u00f3 suspender al delantero peruano Paolo Guerrero por un a\u00f1o, tras analizar su caso producto de un control antidoping. Lima, 08 Diciembre 2017, (ANDINA).- La Comisi\u00f3n Disciplinaria de la FIFA decidi\u00f3 suspender al delantero peruano Paolo Guerrero por un a\u00f1o, tras analizar su caso, vinculado a un resultado anal\u00edtico [&hellip;]<\/p>\n","protected":false},"author":1,"featured_media":19462,"comment_status":"open","ping_status":"open","sticky":false,"template":"","format":"standard","meta":{"rop_custom_images_group":[],"rop_custom_messages_group":[],"rop_publish_now":"initial","rop_publish_now_accounts":[],"rop_publish_now_history":[],"rop_publish_now_status":"pending","footnotes":""},"categories":[8],"tags":[268,203,1577],"class_list":["post-19460","post","type-post","status-publish","format-standard","has-post-thumbnail","hentry","category-disciplinas-deportivas","tag-fifa","tag-paolo-guerrero","tag-tas"],"_links":{"self":[{"href":"https:\/\/elinformanteperu.com\/index.php\/wp-json\/wp\/v2\/posts\/19460","targetHints":{"allow":["GET"]}}],"collection":[{"href":"https:\/\/elinformanteperu.com\/index.php\/wp-json\/wp\/v2\/posts"}],"about":[{"href":"https:\/\/elinformanteperu.com\/index.php\/wp-json\/wp\/v2\/types\/post"}],"author":[{"embeddable":true,"href":"https:\/\/elinformanteperu.com\/index.php\/wp-json\/wp\/v2\/users\/1"}],"replies":[{"embeddable":true,"href":"https:\/\/elinformanteperu.com\/index.php\/wp-json\/wp\/v2\/comments?post=19460"}],"version-history":[{"count":1,"href":"https:\/\/elinformanteperu.com\/index.php\/wp-json\/wp\/v2\/posts\/19460\/revisions"}],"predecessor-version":[{"id":19463,"href":"https:\/\/elinformanteperu.com\/index.php\/wp-json\/wp\/v2\/posts\/19460\/revisions\/19463"}],"wp:featuredmedia":[{"embeddable":true,"href":"https:\/\/elinformanteperu.com\/index.php\/wp-json\/wp\/v2\/media\/19462"}],"wp:attachment":[{"href":"https:\/\/elinformanteperu.com\/index.php\/wp-json\/wp\/v2\/media?parent=19460"}],"wp:term":[{"taxonomy":"category","embeddable":true,"href":"https:\/\/elinformanteperu.com\/index.php\/wp-json\/wp\/v2\/categories?post=19460"},{"taxonomy":"post_tag","embeddable":true,"href":"https:\/\/elinformanteperu.com\/index.php\/wp-json\/wp\/v2\/tags?post=19460"}],"curies":[{"name":"wp","href":"https:\/\/api.w.org\/{rel}","templated":true}]}}