{"id":19359,"date":"2017-12-06T00:03:06","date_gmt":"2017-12-06T05:03:06","guid":{"rendered":"http:\/\/elinformanteperu.com\/?p=19359"},"modified":"2017-12-06T00:03:06","modified_gmt":"2017-12-06T05:03:06","slug":"sunass-problema-del-agua-y-saneamiento-rural-no-es-un-problema-de-tubos-sino-de-gobernanza-del-agua","status":"publish","type":"post","link":"https:\/\/elinformanteperu.com\/index.php\/2017\/12\/06\/sunass-problema-del-agua-y-saneamiento-rural-no-es-un-problema-de-tubos-sino-de-gobernanza-del-agua\/","title":{"rendered":"Sunass: \u00abProblema del agua y saneamiento rural no es un problema de tubos, sino de gobernanza del agua\u00bb"},"content":{"rendered":"<p><strong><span style=\"color: #000000;\">El presidente del Consejo Directivo de la Sunass, Iv\u00e1n Lucich Larrauri present\u00f3 el Plan de Trabajo Quinquenal en el Congreso de la Rep\u00fablica.<\/span><\/strong><\/p>\n<p><span style=\"color: #000000;\"><strong>Lima, 05 Diciembre 2017, (El Informante Per\u00fa).-<\/strong> El presidente del Consejo Directivo de la Superintendencia Nacional de Servicios de Saneamiento (Sunass), Iv\u00e1n Lucich Larrauri, sostuvo que el problema de agua y saneamiento rural en el Per\u00fa, no es un problema de tubos, sino, de gobernanza del agua, \u201cel problema del saneamiento b\u00e1sico rural tiene que tener una soluci\u00f3n con una mirada multisectorial\u201d indic\u00f3.<\/span><\/p>\n<p><span style=\"color: #000000;\">Lucich dio estas declaraciones, durante la presentaci\u00f3n del Plan de Trabajo Quinquenal\u00a0<\/span><span style=\"color: #000000;\">2017-2021 de Sunass ante la Comisi\u00f3n de Defensa del Consumidor y Organismos Reguladores de los Servicios P\u00fablicos del Congreso de la Rep\u00fablica.<\/span><\/p>\n<p><span style=\"color: #000000;\">El funcionario explic\u00f3 que a partir de la Ley Marco de la Gesti\u00f3n y Prestaci\u00f3n de los Servicios de Saneamiento (D.L 1280) Sunass tiene nuevas funciones y competencias ya no solo en el \u00e1mbito urbano, sino tambi\u00e9n en el \u00e1mbito rural; \u201cpasamos de regular 50 empresas prestadoras, a 28 mil prestadores, esto va incluir organizaciones comunales, y unidades de gesti\u00f3n municipal\u201d refiri\u00f3.<\/span><\/p>\n<p><span style=\"color: #000000;\">\u201cEs importante fortalecer a las empresas prestadoras, y esto va implicar no solamente fusionar algunas de ellas sino incorporar a las JASS que est\u00e1n en el \u00e1mbito urbano a las empresas prestadoras, as\u00ed como tambi\u00e9n brindar asistencia t\u00e9cnica a las organizaciones comunales para la operaci\u00f3n de sus sistemas de agua potable y alcantarillado\u201d destac\u00f3 Lucich.<\/span><\/p>\n<p><span style=\"color: #000000;\">De otro lado, resalt\u00f3 la descentralizaci\u00f3n de funciones de Sunass, que est\u00e1 abriendo 27 oficinas a nivel nacional, con equipos multidisciplinarios, con el fin de potenciar su funci\u00f3n supervisora y fiscalizadora, y a su vez optimizar su tarea normativa y regulatoria, implementando nuevos instrumentos que contribuyen a la gesti\u00f3n integrada del recurso h\u00eddrico para dar sostenibilidad al servicio de agua potable.<\/span><\/p>\n<p><span style=\"color: #000000;\">\u201cEstamos incluyendo Mecanismos de Retribuci\u00f3n por Servicios Ecosist\u00e9micos en los estudios tarifarios de las EPS para conservar las fuentes de agua para las ciudades, y a su vez, creemos necesario el fortalecer los espacios de participaci\u00f3n ciudadana para que los usuarios ejerzan un rol m\u00e1s activo frente al reto de mejorar la calidad del servicio y promover una nueva cultura de valoraci\u00f3n del agua potable\u201d precis\u00f3 Lucich Larrauri.<\/span><\/p>\n<p><span style=\"color: #000000;\">Asimismo, destac\u00f3 que en los \u00faltimos 10 a\u00f1os, se ha logrado que 50 empresas tengan una tarifa de agua aprobada por Sunass, lo que ha permitido que las EPS pueden generar con sus recursos m\u00e1s de 2 mil millones de soles para la inversi\u00f3n en agua y saneamiento.<\/span><\/p>\n","protected":false},"excerpt":{"rendered":"<p>El presidente del Consejo Directivo de la Sunass, Iv\u00e1n Lucich Larrauri present\u00f3 el Plan de Trabajo Quinquenal en el Congreso de la Rep\u00fablica. Lima, 05 Diciembre 2017, (El Informante Per\u00fa).- El presidente del Consejo Directivo de la Superintendencia Nacional de Servicios de Saneamiento (Sunass), Iv\u00e1n Lucich Larrauri, sostuvo que el problema de agua y saneamiento [&hellip;]<\/p>\n","protected":false},"author":1,"featured_media":19360,"comment_status":"open","ping_status":"open","sticky":false,"template":"","format":"standard","meta":{"rop_custom_images_group":[],"rop_custom_messages_group":[],"rop_publish_now":"initial","rop_publish_now_accounts":[],"rop_publish_now_history":[],"rop_publish_now_status":"pending","footnotes":""},"categories":[10],"tags":[642,641],"class_list":["post-19359","post","type-post","status-publish","format-standard","has-post-thumbnail","hentry","category-actualidad-municipal","tag-sedapal","tag-sunass"],"_links":{"self":[{"href":"https:\/\/elinformanteperu.com\/index.php\/wp-json\/wp\/v2\/posts\/19359","targetHints":{"allow":["GET"]}}],"collection":[{"href":"https:\/\/elinformanteperu.com\/index.php\/wp-json\/wp\/v2\/posts"}],"about":[{"href":"https:\/\/elinformanteperu.com\/index.php\/wp-json\/wp\/v2\/types\/post"}],"author":[{"embeddable":true,"href":"https:\/\/elinformanteperu.com\/index.php\/wp-json\/wp\/v2\/users\/1"}],"replies":[{"embeddable":true,"href":"https:\/\/elinformanteperu.com\/index.php\/wp-json\/wp\/v2\/comments?post=19359"}],"version-history":[{"count":1,"href":"https:\/\/elinformanteperu.com\/index.php\/wp-json\/wp\/v2\/posts\/19359\/revisions"}],"predecessor-version":[{"id":19361,"href":"https:\/\/elinformanteperu.com\/index.php\/wp-json\/wp\/v2\/posts\/19359\/revisions\/19361"}],"wp:featuredmedia":[{"embeddable":true,"href":"https:\/\/elinformanteperu.com\/index.php\/wp-json\/wp\/v2\/media\/19360"}],"wp:attachment":[{"href":"https:\/\/elinformanteperu.com\/index.php\/wp-json\/wp\/v2\/media?parent=19359"}],"wp:term":[{"taxonomy":"category","embeddable":true,"href":"https:\/\/elinformanteperu.com\/index.php\/wp-json\/wp\/v2\/categories?post=19359"},{"taxonomy":"post_tag","embeddable":true,"href":"https:\/\/elinformanteperu.com\/index.php\/wp-json\/wp\/v2\/tags?post=19359"}],"curies":[{"name":"wp","href":"https:\/\/api.w.org\/{rel}","templated":true}]}}