{"id":19290,"date":"2017-12-04T06:52:05","date_gmt":"2017-12-04T11:52:05","guid":{"rendered":"http:\/\/elinformanteperu.com\/?p=19290"},"modified":"2017-12-04T06:57:09","modified_gmt":"2017-12-04T11:57:09","slug":"ministerio-publico-dicto-prision-preventiva-para-representantes-de-empresas-socias-de-odebrecht","status":"publish","type":"post","link":"https:\/\/elinformanteperu.com\/index.php\/2017\/12\/04\/ministerio-publico-dicto-prision-preventiva-para-representantes-de-empresas-socias-de-odebrecht\/","title":{"rendered":"Dictan prisi\u00f3n preventiva para representantes de empresas socias de Odebrecht"},"content":{"rendered":"<p><span style=\"color: #000000;\"><strong>El juez Concepci\u00f3n Carhuancho dict\u00f3 prisi\u00f3n preventiva por 18 meses a los directivos de Gra\u00f1a y Montero, de JJCamet y de ICCGSA.\u00a0Dichas empresas fueran socios de Odebrecht en la Interoc\u00e9anica.<\/strong><\/span><\/p>\n<p><span style=\"color: #000000;\"><strong>Lima, 04 Diciembre 2017, (El Informante Per\u00fa).-<\/strong> El juez Concepci\u00f3n Carhuancho dict\u00f3 prisi\u00f3n preventiva por 18 meses a los directivos de Gra\u00f1a y Montero: Jos\u00e9 Alejandro Gra\u00f1a Mir\u00f3 Quesada y Hernando Gra\u00f1a Acu\u00f1a, de JJCamet: Fernando Camet Piccone y de ICCGSA: Jos\u00e9 Castillo Dib\u00f3s.<\/span><\/p>\n<p><span style=\"color: #000000;\">Dichas empresas fueran socios del consorcio Odebrecht\u00a0en la ejecuci\u00f3n de los tramos II y III de la carretera Interoce\u00e1nica Sur.<\/span><\/p>\n<p><span style=\"color: #000000;\">Por otro lado, el juez consider\u00f3 que Gonzalo Ferraro Rey tendr\u00e1 arresto domiciliario por 18 meses desde el hospital donde sea internado, con vigilancia policial, por su estado de salud.<\/span><\/p>\n<p><span style=\"color: #000000;\">Al t\u00e9rmino de la audiencia, que se prolong\u00f3 alrededor de las 4:00 a.m., el magistrado dispuso la detenci\u00f3n y captura de los investigados.<\/span><\/p>\n<p><span style=\"color: #000000;\">Posteriormente, las defensas legales de los acusados anunciaron que apelar\u00e1n el fallo \u00aben todos sus extremos\u00bb. Sin embargo, tambi\u00e9n se\u00f1alaron que los investigados se pondr\u00e1n a derecho.<\/span><\/p>\n<p>&nbsp;<\/p>\n","protected":false},"excerpt":{"rendered":"<p>El juez Concepci\u00f3n Carhuancho dict\u00f3 prisi\u00f3n preventiva por 18 meses a los directivos de Gra\u00f1a y Montero, de JJCamet y de ICCGSA.\u00a0Dichas empresas fueran socios de Odebrecht en la Interoc\u00e9anica. Lima, 04 Diciembre 2017, (El Informante Per\u00fa).- El juez Concepci\u00f3n Carhuancho dict\u00f3 prisi\u00f3n preventiva por 18 meses a los directivos de Gra\u00f1a y Montero: Jos\u00e9 [&hellip;]<\/p>\n","protected":false},"author":1,"featured_media":19291,"comment_status":"open","ping_status":"open","sticky":false,"template":"","format":"standard","meta":{"rop_custom_images_group":[],"rop_custom_messages_group":[],"rop_publish_now":"initial","rop_publish_now_accounts":[],"rop_publish_now_history":[],"rop_publish_now_status":"pending","footnotes":""},"categories":[5],"tags":[1159,2503,619,297],"class_list":["post-19290","post","type-post","status-publish","format-standard","has-post-thumbnail","hentry","category-actualidad-informativa","tag-grana-y-montero","tag-interoceanica-sur","tag-odebrecht","tag-richard-concepcion-carhuancho"],"_links":{"self":[{"href":"https:\/\/elinformanteperu.com\/index.php\/wp-json\/wp\/v2\/posts\/19290","targetHints":{"allow":["GET"]}}],"collection":[{"href":"https:\/\/elinformanteperu.com\/index.php\/wp-json\/wp\/v2\/posts"}],"about":[{"href":"https:\/\/elinformanteperu.com\/index.php\/wp-json\/wp\/v2\/types\/post"}],"author":[{"embeddable":true,"href":"https:\/\/elinformanteperu.com\/index.php\/wp-json\/wp\/v2\/users\/1"}],"replies":[{"embeddable":true,"href":"https:\/\/elinformanteperu.com\/index.php\/wp-json\/wp\/v2\/comments?post=19290"}],"version-history":[{"count":2,"href":"https:\/\/elinformanteperu.com\/index.php\/wp-json\/wp\/v2\/posts\/19290\/revisions"}],"predecessor-version":[{"id":19293,"href":"https:\/\/elinformanteperu.com\/index.php\/wp-json\/wp\/v2\/posts\/19290\/revisions\/19293"}],"wp:featuredmedia":[{"embeddable":true,"href":"https:\/\/elinformanteperu.com\/index.php\/wp-json\/wp\/v2\/media\/19291"}],"wp:attachment":[{"href":"https:\/\/elinformanteperu.com\/index.php\/wp-json\/wp\/v2\/media?parent=19290"}],"wp:term":[{"taxonomy":"category","embeddable":true,"href":"https:\/\/elinformanteperu.com\/index.php\/wp-json\/wp\/v2\/categories?post=19290"},{"taxonomy":"post_tag","embeddable":true,"href":"https:\/\/elinformanteperu.com\/index.php\/wp-json\/wp\/v2\/tags?post=19290"}],"curies":[{"name":"wp","href":"https:\/\/api.w.org\/{rel}","templated":true}]}}