{"id":19283,"date":"2017-12-04T00:50:05","date_gmt":"2017-12-04T05:50:05","guid":{"rendered":"http:\/\/elinformanteperu.com\/?p=19283"},"modified":"2017-12-04T00:50:05","modified_gmt":"2017-12-04T05:50:05","slug":"odebrecht-exdirectivo-de-grana-y-montero-fue-internado-en-clinica-local","status":"publish","type":"post","link":"https:\/\/elinformanteperu.com\/index.php\/2017\/12\/04\/odebrecht-exdirectivo-de-grana-y-montero-fue-internado-en-clinica-local\/","title":{"rendered":"Odebrecht: exdirectivo de Gra\u00f1a y Montero fue internado en cl\u00ednica local"},"content":{"rendered":"<p><strong><span style=\"color: #000000;\">Gonzalo Ferraro Rey, ex directivo de la empresa Gra\u00f1a y Montero, asociada a Odebrecht, se encuentra internado en una cl\u00ednica local, inform\u00f3 su abogado.<\/span><\/strong><\/p>\n<p><span style=\"color: #000000;\"><strong>Lima, 03 Diciembre 2017, (ANDINA).-<\/strong> Gonzalo Ferraro Rey, ex directivo de la empresa Gra\u00f1a y Montero, asociada a Odebrecht, se encuentra internado en una cl\u00ednica local, inform\u00f3 su abogado durante la audiencia judicial en la que se eval\u00faa el pedido de prisi\u00f3n preventiva en su contra.<\/span><\/p>\n<p><span style=\"color: #000000;\">Jhon Ruesta, abogado de Gonzalo Ferraro Rey, detall\u00f3 que su patrocinado se encuentra hospitalizado en la Cl\u00ednica Angloamericana .<\/span><\/p>\n<p><span style=\"color: #000000;\">\u00abMi cliente est\u00e1 padeciendo de un c\u00e1ncer por un tumor en el cuello y esto conlleva a quimioterapia y radioterapia (&#8230;)\u00bb, asever\u00f3.<\/span><\/p>\n<p><span style=\"color: #000000;\">La defensa de Ferraro Rey participa en la audiencia en la que el juez del Primer Juzgado de Investigaci\u00f3n Preparatoria, Richard Concepci\u00f3n Carhuancho, evaluar\u00e1 el pedido de la Fiscal\u00eda de 18 meses de prisi\u00f3n preventiva contra los representantes empresas asociadas a Odebrecht en Per\u00fa.<\/span><\/p>\n<p><span style=\"color: #000000;\">Ferraro Rey es investigado junto a Jos\u00e9 Gra\u00f1a Mir\u00f3 Quesada y Hernando Gra\u00f1a Acu\u00f1a, exrepresentantes de Gra\u00f1a y Montero, as\u00ed como a Fernando Camet, titular de J.J. Camet Contratistas Generales; y a Jos\u00e9 Fernando Castillo Dib\u00f3s, director gerente general de ICCGSA, por los delitos de colusi\u00f3n agravada y lavado de activos.<\/span><\/p>\n","protected":false},"excerpt":{"rendered":"<p>Gonzalo Ferraro Rey, ex directivo de la empresa Gra\u00f1a y Montero, asociada a Odebrecht, se encuentra internado en una cl\u00ednica local, inform\u00f3 su abogado. Lima, 03 Diciembre 2017, (ANDINA).- Gonzalo Ferraro Rey, ex directivo de la empresa Gra\u00f1a y Montero, asociada a Odebrecht, se encuentra internado en una cl\u00ednica local, inform\u00f3 su abogado durante la [&hellip;]<\/p>\n","protected":false},"author":1,"featured_media":6906,"comment_status":"open","ping_status":"open","sticky":false,"template":"","format":"standard","meta":{"rop_custom_images_group":[],"rop_custom_messages_group":[],"rop_publish_now":"initial","rop_publish_now_accounts":[],"rop_publish_now_history":[],"rop_publish_now_status":"pending","footnotes":""},"categories":[5],"tags":[2502,1159,619],"class_list":["post-19283","post","type-post","status-publish","format-standard","has-post-thumbnail","hentry","category-actualidad-informativa","tag-gonzalo-ferraro-rey","tag-grana-y-montero","tag-odebrecht"],"_links":{"self":[{"href":"https:\/\/elinformanteperu.com\/index.php\/wp-json\/wp\/v2\/posts\/19283","targetHints":{"allow":["GET"]}}],"collection":[{"href":"https:\/\/elinformanteperu.com\/index.php\/wp-json\/wp\/v2\/posts"}],"about":[{"href":"https:\/\/elinformanteperu.com\/index.php\/wp-json\/wp\/v2\/types\/post"}],"author":[{"embeddable":true,"href":"https:\/\/elinformanteperu.com\/index.php\/wp-json\/wp\/v2\/users\/1"}],"replies":[{"embeddable":true,"href":"https:\/\/elinformanteperu.com\/index.php\/wp-json\/wp\/v2\/comments?post=19283"}],"version-history":[{"count":1,"href":"https:\/\/elinformanteperu.com\/index.php\/wp-json\/wp\/v2\/posts\/19283\/revisions"}],"predecessor-version":[{"id":19284,"href":"https:\/\/elinformanteperu.com\/index.php\/wp-json\/wp\/v2\/posts\/19283\/revisions\/19284"}],"wp:featuredmedia":[{"embeddable":true,"href":"https:\/\/elinformanteperu.com\/index.php\/wp-json\/wp\/v2\/media\/6906"}],"wp:attachment":[{"href":"https:\/\/elinformanteperu.com\/index.php\/wp-json\/wp\/v2\/media?parent=19283"}],"wp:term":[{"taxonomy":"category","embeddable":true,"href":"https:\/\/elinformanteperu.com\/index.php\/wp-json\/wp\/v2\/categories?post=19283"},{"taxonomy":"post_tag","embeddable":true,"href":"https:\/\/elinformanteperu.com\/index.php\/wp-json\/wp\/v2\/tags?post=19283"}],"curies":[{"name":"wp","href":"https:\/\/api.w.org\/{rel}","templated":true}]}}