{"id":19209,"date":"2017-11-30T01:37:24","date_gmt":"2017-11-30T06:37:24","guid":{"rendered":"http:\/\/elinformanteperu.com\/?p=19209"},"modified":"2017-11-30T01:37:24","modified_gmt":"2017-11-30T06:37:24","slug":"salaverry-si-kenji-fujimori-no-esta-conforme-con-fuerza-popular-que-hace-aqui","status":"publish","type":"post","link":"https:\/\/elinformanteperu.com\/index.php\/2017\/11\/30\/salaverry-si-kenji-fujimori-no-esta-conforme-con-fuerza-popular-que-hace-aqui\/","title":{"rendered":"Salaverry: si Kenji Fujimori no est\u00e1 conforme con Fuerza Popular, \u00bfqu\u00e9 hace aqu\u00ed?"},"content":{"rendered":"<p><strong><span style=\"color: #000000;\">El vocero de Fuerza Popular, Daniel Salaverry, critic\u00f3 al legislador Kenji Fujimori y le pidi\u00f3 que, si no est\u00e1 conforme, debe dar definitivamente un paso al costado.<\/span><\/strong><\/p>\n<p><span style=\"color: #000000;\"><strong>Lima, 29 Noviembre 2017, (ANDINA).-<\/strong> El vocero de la bancada de Fuerza Popular, Daniel Salaverry, critic\u00f3 al legislador Kenji Fujimori y le pidi\u00f3 que, si no est\u00e1 conforme en dicha agrupaci\u00f3n parlamentaria, debe dar definitivamente un paso al costado.<\/span><\/p>\n<p><span style=\"color: #000000;\">Esto fue luego de que Kenji Fujimori realizara cr\u00edticas constantes a Fuerza Popular, e incluso manifestara que el fujimorismo no reside en ese partido.<\/span><\/p>\n<p><span style=\"color: #000000;\">\u201cSi \u00e9l cree que Fuerza Popular no representa al fujimorismo, \u00bfqu\u00e9 hace aqu\u00ed?, \u00bfqu\u00e9 hace en este partido?, deber\u00eda tener un poco m\u00e1s de coraje, de valor y formar su propio partido. Esas son las contradicciones que tiene Kenji producto de su inmadurez pol\u00edtica\u201d, sostuvo.<\/span><\/p>\n<p><span style=\"color: #000000;\">Salaverry manifest\u00f3 que la suspensi\u00f3n de 120 d\u00edas que se le dio a Kenji Fujimori, fue luego de un proceso donde se respet\u00f3 su derecho a defensa.<\/span><\/p>\n<p><span style=\"color: #000000;\">\u201cEsa es la sanci\u00f3n que le corresponde a una persona reincidente, se ha dejado abierta la posibilidad que, si esto contin\u00faa, la sanci\u00f3n puede ser mucho m\u00e1s estricta, incluso llegar a una expulsi\u00f3n\u201d, sostuvo.<\/span><\/p>\n<p><span style=\"color: #000000;\">Kenji Fujimori fue sancionado por el Comit\u00e9 de \u00c9tica y Disciplina de Fuerza Popular con 120 d\u00edas de suspensi\u00f3n del Grupo Parlamentario a ra\u00edz de sus cr\u00edticas al comportamiento de su bancada.<\/span><\/p>\n<p><span style=\"color: #000000;\">El legislador respondi\u00f3 criticando la sanci\u00f3n y con un mensaje seg\u00fan el cual el fujimorismo no reside en Fuerza Popular, sino en el pueblo peruano.<\/span><\/p>\n","protected":false},"excerpt":{"rendered":"<p>El vocero de Fuerza Popular, Daniel Salaverry, critic\u00f3 al legislador Kenji Fujimori y le pidi\u00f3 que, si no est\u00e1 conforme, debe dar definitivamente un paso al costado. Lima, 29 Noviembre 2017, (ANDINA).- El vocero de la bancada de Fuerza Popular, Daniel Salaverry, critic\u00f3 al legislador Kenji Fujimori y le pidi\u00f3 que, si no est\u00e1 conforme [&hellip;]<\/p>\n","protected":false},"author":1,"featured_media":19210,"comment_status":"open","ping_status":"open","sticky":false,"template":"","format":"standard","meta":{"rop_custom_images_group":[],"rop_custom_messages_group":[],"rop_publish_now":"initial","rop_publish_now_accounts":[],"rop_publish_now_history":[],"rop_publish_now_status":"pending","footnotes":""},"categories":[5],"tags":[192,858,295,527],"class_list":["post-19209","post","type-post","status-publish","format-standard","has-post-thumbnail","hentry","category-actualidad-informativa","tag-congreso","tag-daniel-salaverry","tag-fuerza-popular","tag-kenji-fujimori"],"_links":{"self":[{"href":"https:\/\/elinformanteperu.com\/index.php\/wp-json\/wp\/v2\/posts\/19209","targetHints":{"allow":["GET"]}}],"collection":[{"href":"https:\/\/elinformanteperu.com\/index.php\/wp-json\/wp\/v2\/posts"}],"about":[{"href":"https:\/\/elinformanteperu.com\/index.php\/wp-json\/wp\/v2\/types\/post"}],"author":[{"embeddable":true,"href":"https:\/\/elinformanteperu.com\/index.php\/wp-json\/wp\/v2\/users\/1"}],"replies":[{"embeddable":true,"href":"https:\/\/elinformanteperu.com\/index.php\/wp-json\/wp\/v2\/comments?post=19209"}],"version-history":[{"count":1,"href":"https:\/\/elinformanteperu.com\/index.php\/wp-json\/wp\/v2\/posts\/19209\/revisions"}],"predecessor-version":[{"id":19211,"href":"https:\/\/elinformanteperu.com\/index.php\/wp-json\/wp\/v2\/posts\/19209\/revisions\/19211"}],"wp:featuredmedia":[{"embeddable":true,"href":"https:\/\/elinformanteperu.com\/index.php\/wp-json\/wp\/v2\/media\/19210"}],"wp:attachment":[{"href":"https:\/\/elinformanteperu.com\/index.php\/wp-json\/wp\/v2\/media?parent=19209"}],"wp:term":[{"taxonomy":"category","embeddable":true,"href":"https:\/\/elinformanteperu.com\/index.php\/wp-json\/wp\/v2\/categories?post=19209"},{"taxonomy":"post_tag","embeddable":true,"href":"https:\/\/elinformanteperu.com\/index.php\/wp-json\/wp\/v2\/tags?post=19209"}],"curies":[{"name":"wp","href":"https:\/\/api.w.org\/{rel}","templated":true}]}}