{"id":19206,"date":"2017-11-30T01:34:29","date_gmt":"2017-11-30T06:34:29","guid":{"rendered":"http:\/\/elinformanteperu.com\/?p=19206"},"modified":"2017-11-30T01:34:29","modified_gmt":"2017-11-30T06:34:29","slug":"movadef-el-13-de-diciembre-empieza-juicio-a-cupula-por-apologia-al-terrorismo","status":"publish","type":"post","link":"https:\/\/elinformanteperu.com\/index.php\/2017\/11\/30\/movadef-el-13-de-diciembre-empieza-juicio-a-cupula-por-apologia-al-terrorismo\/","title":{"rendered":"Movadef: El 13 de diciembre empieza juicio a c\u00fapula por apolog\u00eda al terrorismo"},"content":{"rendered":"<p><strong><span style=\"color: #000000;\">El 13 de diciembre empieza el juicio oral contra la c\u00fapula del Movimiento por las Amnist\u00eda y Derechos Fundamentales (Movadef).<\/span><\/strong><\/p>\n<p><span style=\"color: #000000;\"><strong>Lima, 29 Noviembre 2017, (ANDINA).-<\/strong> El 13 de diciembre empieza el juicio oral contra la c\u00fapula del Movimiento por las Amnist\u00eda y Derechos Fundamentales (Movadef) por apolog\u00eda a un condenado por terrorismo en agravio del Estado, record\u00f3 el Ministerio del Interior.<\/span><\/p>\n<p><span style=\"color: #000000;\">Los procesados ser\u00e1n Manuel Augusto Fajardo Cravero, Alfredo V\u00edctor Crespo Bragayrac, Alberto Mego M\u00e1rquez y Oswaldo Esquivel Caycho.<\/span><\/p>\n<p><span style=\"color: #000000;\">El proceso estar\u00e1 a cargo del Colegiado \u00abE\u00bb de la Sala Penal Nacional, integrado por los jueces superiores Pablo Ilave Garc\u00eda, Emma Benavides Vargas y Teofilo Salvador Neyra.<\/span><\/p>\n<p><span style=\"color: #000000;\">La acusaci\u00f3n fiscal est\u00e1 a cargo del Jes\u00fas Prado Le\u00f3n, titular de la Primera Fiscal\u00eda Superior Nacional; y el Estado estar\u00e1 representado por Milko Ruiz, procurador para casos de terrorismo.<\/span><\/p>\n<p><span style=\"color: #000000;\">A los procesados de la c\u00fapula del Movadef se les imputa haber puesto en circulaci\u00f3n el peri\u00f3dico denominado \u00abMarxista, leninista, mao\u00edsta, amnist\u00eda general\u00bb, que fue puesto en circulaci\u00f3n en una marcha por el frontis de la Plaza Bol\u00edvar del Congreso el 12 de octubre de 2010.<\/span><\/p>\n<p><span style=\"color: #000000;\">La publicaci\u00f3n, que fue vendida a S\/ 1.00, reivindicaba la figura del sentenciado por terrorismo Abimael Guzm\u00e1n Reynoso, a quien se le dedicaba la expresi\u00f3n \u201cEl Dr. Guzm\u00e1n es el m\u00e1s grande intelectual, fil\u00f3sofo y cient\u00edfico, marxista, leninista, mao\u00edsta de nuestra \u00e9poca\u201d, acto considerado apolog\u00e9tico.<\/span><\/p>\n<p><span style=\"color: #000000;\">Como se recuerda, la Fiscal\u00eda solicit\u00f3 que los acusados tengan una condena de 12 a\u00f1os de pena privativa de la libertad y el pago de una reparaci\u00f3n civil solidaria de S\/ 100,000.<\/span><\/p>\n","protected":false},"excerpt":{"rendered":"<p>El 13 de diciembre empieza el juicio oral contra la c\u00fapula del Movimiento por las Amnist\u00eda y Derechos Fundamentales (Movadef). Lima, 29 Noviembre 2017, (ANDINA).- El 13 de diciembre empieza el juicio oral contra la c\u00fapula del Movimiento por las Amnist\u00eda y Derechos Fundamentales (Movadef) por apolog\u00eda a un condenado por terrorismo en agravio del [&hellip;]<\/p>\n","protected":false},"author":1,"featured_media":19207,"comment_status":"open","ping_status":"open","sticky":false,"template":"","format":"standard","meta":{"rop_custom_images_group":[],"rop_custom_messages_group":[],"rop_publish_now":"initial","rop_publish_now_accounts":[],"rop_publish_now_history":[],"rop_publish_now_status":"pending","footnotes":""},"categories":[5],"tags":[1501,1059,1509],"class_list":["post-19206","post","type-post","status-publish","format-standard","has-post-thumbnail","hentry","category-actualidad-informativa","tag-movadef","tag-sendero-luminoso","tag-terrorismo"],"_links":{"self":[{"href":"https:\/\/elinformanteperu.com\/index.php\/wp-json\/wp\/v2\/posts\/19206","targetHints":{"allow":["GET"]}}],"collection":[{"href":"https:\/\/elinformanteperu.com\/index.php\/wp-json\/wp\/v2\/posts"}],"about":[{"href":"https:\/\/elinformanteperu.com\/index.php\/wp-json\/wp\/v2\/types\/post"}],"author":[{"embeddable":true,"href":"https:\/\/elinformanteperu.com\/index.php\/wp-json\/wp\/v2\/users\/1"}],"replies":[{"embeddable":true,"href":"https:\/\/elinformanteperu.com\/index.php\/wp-json\/wp\/v2\/comments?post=19206"}],"version-history":[{"count":1,"href":"https:\/\/elinformanteperu.com\/index.php\/wp-json\/wp\/v2\/posts\/19206\/revisions"}],"predecessor-version":[{"id":19208,"href":"https:\/\/elinformanteperu.com\/index.php\/wp-json\/wp\/v2\/posts\/19206\/revisions\/19208"}],"wp:featuredmedia":[{"embeddable":true,"href":"https:\/\/elinformanteperu.com\/index.php\/wp-json\/wp\/v2\/media\/19207"}],"wp:attachment":[{"href":"https:\/\/elinformanteperu.com\/index.php\/wp-json\/wp\/v2\/media?parent=19206"}],"wp:term":[{"taxonomy":"category","embeddable":true,"href":"https:\/\/elinformanteperu.com\/index.php\/wp-json\/wp\/v2\/categories?post=19206"},{"taxonomy":"post_tag","embeddable":true,"href":"https:\/\/elinformanteperu.com\/index.php\/wp-json\/wp\/v2\/tags?post=19206"}],"curies":[{"name":"wp","href":"https:\/\/api.w.org\/{rel}","templated":true}]}}