{"id":19165,"date":"2017-11-29T23:50:33","date_gmt":"2017-11-30T04:50:33","guid":{"rendered":"http:\/\/elinformanteperu.com\/?p=19165"},"modified":"2017-11-29T23:50:33","modified_gmt":"2017-11-30T04:50:33","slug":"juan-aurich-y-alianza-atletico-pierden-la-categoria-tras-fallo-del-tas","status":"publish","type":"post","link":"https:\/\/elinformanteperu.com\/index.php\/2017\/11\/29\/juan-aurich-y-alianza-atletico-pierden-la-categoria-tras-fallo-del-tas\/","title":{"rendered":"Juan Aurich y Alianza Atl\u00e9tico pierden la categor\u00eda tras fallo del TAS"},"content":{"rendered":"<p><span style=\"color: #000000;\"><strong>Luego de que el TAS le devolviera los seis puntos a Real Garcilaso, el \u00f3rgano internacional tambi\u00e9n se\u00f1al\u00f3 que tanto Juan Aurich como Alianza Atl\u00e9tico pierdan los puntos y desciendan<\/strong><\/span><\/p>\n<p><span style=\"color: #000000;\"><strong>Lima, 29 Noviembre 2017, (ANDINA).-<\/strong> Luego de que el Tribunal de Arbitraje Deportivo (TAS) le devolviera los seis puntos a Real Garcilaso, el \u00f3rgano internacional tambi\u00e9n se\u00f1al\u00f3 que tanto Juan Aurich como Alianza Atl\u00e9tico pierdan los puntos que le fueron otorgados en dicha oportunidad.<\/span><\/p>\n<p><span style=\"color: #000000;\">Con esto, ambos equipos previo a sus partidos de la pen\u00faltima jornada del torneo Clausura pierden la categor\u00eda, ya que Juan Aurich se queda con 35 puntos, mientras que Alianza Atl\u00e9tico tiene 36.<\/span><\/p>\n<p><span style=\"color: #000000;\">Los dos clubes ya no tienen posibilidades ya que Ayacucho FC quien es pen\u00faltimo tiene 43 puntos a falta de seis por jugarse.<\/span><\/p>\n<p><span style=\"color: #000000;\">Recordemos que Alianza Atl\u00e9tico recibir\u00e1 esta tarde a Sport Rosario, mientras que Juan Aurich har\u00e1 lo propio ante Sporting Cristal.<\/span><\/p>\n<p><img fetchpriority=\"high\" decoding=\"async\" class=\"aligncenter size-full wp-image-13021\" src=\"http:\/\/elinformanteperu.com\/wp-content\/uploads\/2017\/07\/real-garcilaso-alianza-atletico.jpg\" alt=\"\" width=\"1800\" height=\"1419\" srcset=\"https:\/\/elinformanteperu.com\/wp-content\/uploads\/2017\/07\/real-garcilaso-alianza-atletico.jpg 1800w, https:\/\/elinformanteperu.com\/wp-content\/uploads\/2017\/07\/real-garcilaso-alianza-atletico-300x237.jpg 300w, https:\/\/elinformanteperu.com\/wp-content\/uploads\/2017\/07\/real-garcilaso-alianza-atletico-768x605.jpg 768w, https:\/\/elinformanteperu.com\/wp-content\/uploads\/2017\/07\/real-garcilaso-alianza-atletico-1024x807.jpg 1024w, https:\/\/elinformanteperu.com\/wp-content\/uploads\/2017\/07\/real-garcilaso-alianza-atletico-128x101.jpg 128w, https:\/\/elinformanteperu.com\/wp-content\/uploads\/2017\/07\/real-garcilaso-alianza-atletico-32x25.jpg 32w\" sizes=\"(max-width: 1800px) 100vw, 1800px\" \/><\/p>\n","protected":false},"excerpt":{"rendered":"<p>Luego de que el TAS le devolviera los seis puntos a Real Garcilaso, el \u00f3rgano internacional tambi\u00e9n se\u00f1al\u00f3 que tanto Juan Aurich como Alianza Atl\u00e9tico pierdan los puntos y desciendan Lima, 29 Noviembre 2017, (ANDINA).- Luego de que el Tribunal de Arbitraje Deportivo (TAS) le devolviera los seis puntos a Real Garcilaso, el \u00f3rgano internacional [&hellip;]<\/p>\n","protected":false},"author":1,"featured_media":6239,"comment_status":"open","ping_status":"open","sticky":false,"template":"","format":"standard","meta":{"rop_custom_images_group":[],"rop_custom_messages_group":[],"rop_publish_now":"initial","rop_publish_now_accounts":[],"rop_publish_now_history":[],"rop_publish_now_status":"pending","footnotes":""},"categories":[8],"tags":[250,1657,2036,273],"class_list":["post-19165","post","type-post","status-publish","format-standard","has-post-thumbnail","hentry","category-disciplinas-deportivas","tag-alianza-atletico","tag-apertura-2017","tag-clausura-2017","tag-juan-aurich"],"_links":{"self":[{"href":"https:\/\/elinformanteperu.com\/index.php\/wp-json\/wp\/v2\/posts\/19165","targetHints":{"allow":["GET"]}}],"collection":[{"href":"https:\/\/elinformanteperu.com\/index.php\/wp-json\/wp\/v2\/posts"}],"about":[{"href":"https:\/\/elinformanteperu.com\/index.php\/wp-json\/wp\/v2\/types\/post"}],"author":[{"embeddable":true,"href":"https:\/\/elinformanteperu.com\/index.php\/wp-json\/wp\/v2\/users\/1"}],"replies":[{"embeddable":true,"href":"https:\/\/elinformanteperu.com\/index.php\/wp-json\/wp\/v2\/comments?post=19165"}],"version-history":[{"count":1,"href":"https:\/\/elinformanteperu.com\/index.php\/wp-json\/wp\/v2\/posts\/19165\/revisions"}],"predecessor-version":[{"id":19166,"href":"https:\/\/elinformanteperu.com\/index.php\/wp-json\/wp\/v2\/posts\/19165\/revisions\/19166"}],"wp:featuredmedia":[{"embeddable":true,"href":"https:\/\/elinformanteperu.com\/index.php\/wp-json\/wp\/v2\/media\/6239"}],"wp:attachment":[{"href":"https:\/\/elinformanteperu.com\/index.php\/wp-json\/wp\/v2\/media?parent=19165"}],"wp:term":[{"taxonomy":"category","embeddable":true,"href":"https:\/\/elinformanteperu.com\/index.php\/wp-json\/wp\/v2\/categories?post=19165"},{"taxonomy":"post_tag","embeddable":true,"href":"https:\/\/elinformanteperu.com\/index.php\/wp-json\/wp\/v2\/tags?post=19165"}],"curies":[{"name":"wp","href":"https:\/\/api.w.org\/{rel}","templated":true}]}}