{"id":19163,"date":"2017-11-29T23:44:47","date_gmt":"2017-11-30T04:44:47","guid":{"rendered":"http:\/\/elinformanteperu.com\/?p=19163"},"modified":"2017-11-29T23:44:47","modified_gmt":"2017-11-30T04:44:47","slug":"real-garcilaso-recupero-los-seis-puntos-perdidos-en-el-apertura-tras-fallo-del-tas","status":"publish","type":"post","link":"https:\/\/elinformanteperu.com\/index.php\/2017\/11\/29\/real-garcilaso-recupero-los-seis-puntos-perdidos-en-el-apertura-tras-fallo-del-tas\/","title":{"rendered":"Real Garcilaso recuper\u00f3 los seis puntos perdidos en el Apertura tras fallo del TAS"},"content":{"rendered":"<p><strong><span style=\"color: #000000;\">El asesor legal del club Real Garcilaso, Oswaldo Terrazas, dio a conocer que el Tribunal de Arbitraje Deportivo (TAS) le devolvi\u00f3 los seis puntos que hab\u00edan perdido en el Torneo Apertura.<\/span><\/strong><\/p>\n<p><span style=\"color: #000000;\"><strong>Lima, 29 Noviembre 2017, (ANDINA).-<\/strong> El asesor legal del club Real Garcilaso, Oswaldo Terrazas, dio a conocer que el Tribunal de Arbitraje Deportivo (TAS) le devolvi\u00f3 los seis puntos que hab\u00edan perdido en el Torneo Apertura por la mala inscripci\u00f3n de un jugador extranjero.<\/span><\/p>\n<p><span style=\"color: #000000;\">\u00abEl TAS nos restituy\u00f3 los 6 puntos. Este es un fallo definitivo, ya no existe otra instancia que pueda revisar otra resoluci\u00f3n. El argumento para la devoluci\u00f3n fue que la inscripci\u00f3n del jugador Carlos Neumann era leg\u00edtima\u00bb, asegur\u00f3 Terrazas en Radio Ovaci\u00f3n.<\/span><\/p>\n<p><span style=\"color: #000000;\">Luego, Terrazas a\u00f1adi\u00f3: \u00abLa consecuencia directa de este fallo es que ahora Garcilaso ocupar\u00e1 el segundo lugar en el Torneo Apertura. Son varias hojas el fallo y todo est\u00e1 en ingl\u00e9s, en las siguientes horas vamos a traducir todo el fallo y lo informaremos\u00bb, dijo.<\/span><\/p>\n<p><span style=\"color: #000000;\">La Comisi\u00f3n de Justicia de la FPF (al igual que la de la ADFP) decidi\u00f3 durante el Torneo Apertura que el cuadro cusque\u00f1o deb\u00eda perder 6 puntos por la mala inscripci\u00f3n de su jugador Carlos Neumann.<\/span><\/p>\n<p><span style=\"color: #000000;\">Dicha instituci\u00f3n apel\u00f3 ante el tribunal internacional y el tiempo le dio la raz\u00f3n. Sin embargo, esto no tendr\u00e1 repercusi\u00f3n en el campeonato ganado por Alianza Lima.<\/span><\/p>\n<p><img fetchpriority=\"high\" decoding=\"async\" class=\"aligncenter size-full wp-image-12204\" src=\"http:\/\/elinformanteperu.com\/wp-content\/uploads\/2017\/06\/real-garcilaso-utc-cusco.jpg\" alt=\"\" width=\"1800\" height=\"1219\" srcset=\"https:\/\/elinformanteperu.com\/wp-content\/uploads\/2017\/06\/real-garcilaso-utc-cusco.jpg 1800w, https:\/\/elinformanteperu.com\/wp-content\/uploads\/2017\/06\/real-garcilaso-utc-cusco-300x203.jpg 300w, https:\/\/elinformanteperu.com\/wp-content\/uploads\/2017\/06\/real-garcilaso-utc-cusco-768x520.jpg 768w, https:\/\/elinformanteperu.com\/wp-content\/uploads\/2017\/06\/real-garcilaso-utc-cusco-1024x693.jpg 1024w, https:\/\/elinformanteperu.com\/wp-content\/uploads\/2017\/06\/real-garcilaso-utc-cusco-128x87.jpg 128w, https:\/\/elinformanteperu.com\/wp-content\/uploads\/2017\/06\/real-garcilaso-utc-cusco-32x22.jpg 32w\" sizes=\"(max-width: 1800px) 100vw, 1800px\" \/><\/p>\n","protected":false},"excerpt":{"rendered":"<p>El asesor legal del club Real Garcilaso, Oswaldo Terrazas, dio a conocer que el Tribunal de Arbitraje Deportivo (TAS) le devolvi\u00f3 los seis puntos que hab\u00edan perdido en el Torneo Apertura. Lima, 29 Noviembre 2017, (ANDINA).- El asesor legal del club Real Garcilaso, Oswaldo Terrazas, dio a conocer que el Tribunal de Arbitraje Deportivo (TAS) [&hellip;]<\/p>\n","protected":false},"author":1,"featured_media":11594,"comment_status":"open","ping_status":"open","sticky":false,"template":"","format":"standard","meta":{"rop_custom_images_group":[],"rop_custom_messages_group":[],"rop_publish_now":"initial","rop_publish_now_accounts":[],"rop_publish_now_history":[],"rop_publish_now_status":"pending","footnotes":""},"categories":[8],"tags":[1657,2036,470,237],"class_list":["post-19163","post","type-post","status-publish","format-standard","has-post-thumbnail","hentry","category-disciplinas-deportivas","tag-apertura-2017","tag-clausura-2017","tag-marcelo-grioni","tag-real-garcilaso"],"_links":{"self":[{"href":"https:\/\/elinformanteperu.com\/index.php\/wp-json\/wp\/v2\/posts\/19163","targetHints":{"allow":["GET"]}}],"collection":[{"href":"https:\/\/elinformanteperu.com\/index.php\/wp-json\/wp\/v2\/posts"}],"about":[{"href":"https:\/\/elinformanteperu.com\/index.php\/wp-json\/wp\/v2\/types\/post"}],"author":[{"embeddable":true,"href":"https:\/\/elinformanteperu.com\/index.php\/wp-json\/wp\/v2\/users\/1"}],"replies":[{"embeddable":true,"href":"https:\/\/elinformanteperu.com\/index.php\/wp-json\/wp\/v2\/comments?post=19163"}],"version-history":[{"count":1,"href":"https:\/\/elinformanteperu.com\/index.php\/wp-json\/wp\/v2\/posts\/19163\/revisions"}],"predecessor-version":[{"id":19164,"href":"https:\/\/elinformanteperu.com\/index.php\/wp-json\/wp\/v2\/posts\/19163\/revisions\/19164"}],"wp:featuredmedia":[{"embeddable":true,"href":"https:\/\/elinformanteperu.com\/index.php\/wp-json\/wp\/v2\/media\/11594"}],"wp:attachment":[{"href":"https:\/\/elinformanteperu.com\/index.php\/wp-json\/wp\/v2\/media?parent=19163"}],"wp:term":[{"taxonomy":"category","embeddable":true,"href":"https:\/\/elinformanteperu.com\/index.php\/wp-json\/wp\/v2\/categories?post=19163"},{"taxonomy":"post_tag","embeddable":true,"href":"https:\/\/elinformanteperu.com\/index.php\/wp-json\/wp\/v2\/tags?post=19163"}],"curies":[{"name":"wp","href":"https:\/\/api.w.org\/{rel}","templated":true}]}}