{"id":19064,"date":"2017-11-27T00:25:48","date_gmt":"2017-11-27T05:25:48","guid":{"rendered":"http:\/\/elinformanteperu.com\/?p=19064"},"modified":"2017-11-27T00:25:48","modified_gmt":"2017-11-27T05:25:48","slug":"cantante-ana-belen-publica-nuevo-disco-dual","status":"publish","type":"post","link":"https:\/\/elinformanteperu.com\/index.php\/2017\/11\/27\/cantante-ana-belen-publica-nuevo-disco-dual\/","title":{"rendered":"Cantante Ana Bel\u00e9n publica nuevo disco Dual"},"content":{"rendered":"<p><strong><span style=\"color: #000000;\">La cantante espa\u00f1ola Ana Bel\u00e9n public\u00f3 un nuevo \u00e1lbum titulado Dual, compuesto por canciones grabadas durante su carrera junto a reconocidos artistas, y otras concebidas para el disco.<\/span><\/strong><\/p>\n<p><span style=\"color: #000000;\"><strong>Madrid, 26 Noviembre 2017, (PL).<\/strong>&#8211; La cantante espa\u00f1ola Ana Bel\u00e9n public\u00f3 un nuevo \u00e1lbum titulado Dual, compuesto por canciones grabadas durante su carrera junto a reconocidos artistas, y otras concebidas para el disco.<\/span><\/p>\n<p><span style=\"color: #000000;\">El doble CD sale al mercado a trav\u00e9s de la discogr\u00e1fica Legacy Recordings, e incluye 33 duetos con figuras como los espa\u00f1oles Joan Manuel Serrat, Camar\u00f3n, Joaqu\u00edn Sabina, Antonio Flores, Antonio Banderas, el argentino Fito P\u00e1ez, y el cubano Pablo Milan\u00e9s.<\/span><\/p>\n<p><span style=\"color: #000000;\">Entre las nuevas colaboraciones se encuentran Algo contigo, con el paname\u00f1o Rub\u00e9n Blades; Yo me pido vida, con Vanesa Martin; De paso, con Luis Eduardo Aute; Vuelves, con Rozal\u00e9n; y Motivos, de Abel Pintos.<\/span><\/p>\n<p><span style=\"color: #000000;\">Temas como De qu\u00e9 callada manera, A la sombra de un le\u00f3n, Un vestido y un amor, Mar y Luna, y La puerta de Alcal\u00e1 se podr\u00e1n escuchar en esta producci\u00f3n que est\u00e1 disponible desde hoy en edici\u00f3n digital.<\/span><\/p>\n<p><span style=\"color: #000000;\">Con una exitosa carrera tanto en la m\u00fasica como en el cine Bel\u00e9n ha recibido a lo largo de su carrera incontables premios y reconocimientos, entre ellos el Goya de Honor por su trayectoria como actriz.<\/span><\/p>\n<p><span style=\"color: #000000;\">En 2016 celebr\u00f3 con nuevos conciertos los 20 a\u00f1os de la legendaria gira El gusto es nuestro, junto a Joan Manuel Serrat, Miguel R\u00edos y V\u00edctor Manuel, que culmin\u00f3 recientemente y abarc\u00f3 varias ciudades Latinoamericanas.<\/span><\/p>\n<p><span style=\"color: #000000;\">Para cerrar 2017 Bel\u00e9n estrenar\u00e1 el pr\u00f3ximo d\u00eda 28 una nueva serie para la Televisi\u00f3n Espa\u00f1ola en el que asumir\u00e1 un papel protag\u00f3nico.<\/span><\/p>\n<p><iframe src=\"https:\/\/www.youtube-nocookie.com\/embed\/W3sYrNbOOts?rel=0&amp;controls=0&amp;showinfo=0\" width=\"560\" height=\"315\" frameborder=\"0\" allowfullscreen=\"allowfullscreen\"><\/iframe><\/p>\n","protected":false},"excerpt":{"rendered":"<p>La cantante espa\u00f1ola Ana Bel\u00e9n public\u00f3 un nuevo \u00e1lbum titulado Dual, compuesto por canciones grabadas durante su carrera junto a reconocidos artistas, y otras concebidas para el disco. Madrid, 26 Noviembre 2017, (PL).&#8211; La cantante espa\u00f1ola Ana Bel\u00e9n public\u00f3 un nuevo \u00e1lbum titulado Dual, compuesto por canciones grabadas durante su carrera junto a reconocidos artistas, [&hellip;]<\/p>\n","protected":false},"author":1,"featured_media":19065,"comment_status":"open","ping_status":"open","sticky":false,"template":"","format":"standard","meta":{"rop_custom_images_group":[],"rop_custom_messages_group":[],"rop_publish_now":"initial","rop_publish_now_accounts":[],"rop_publish_now_history":[],"rop_publish_now_status":"pending","footnotes":""},"categories":[69],"tags":[2484,2486,2485,993],"class_list":["post-19064","post","type-post","status-publish","format-standard","has-post-thumbnail","hentry","category-musica","tag-ana-belen","tag-fito-paez","tag-joaquin-sabina","tag-pablo-milanes"],"_links":{"self":[{"href":"https:\/\/elinformanteperu.com\/index.php\/wp-json\/wp\/v2\/posts\/19064","targetHints":{"allow":["GET"]}}],"collection":[{"href":"https:\/\/elinformanteperu.com\/index.php\/wp-json\/wp\/v2\/posts"}],"about":[{"href":"https:\/\/elinformanteperu.com\/index.php\/wp-json\/wp\/v2\/types\/post"}],"author":[{"embeddable":true,"href":"https:\/\/elinformanteperu.com\/index.php\/wp-json\/wp\/v2\/users\/1"}],"replies":[{"embeddable":true,"href":"https:\/\/elinformanteperu.com\/index.php\/wp-json\/wp\/v2\/comments?post=19064"}],"version-history":[{"count":1,"href":"https:\/\/elinformanteperu.com\/index.php\/wp-json\/wp\/v2\/posts\/19064\/revisions"}],"predecessor-version":[{"id":19066,"href":"https:\/\/elinformanteperu.com\/index.php\/wp-json\/wp\/v2\/posts\/19064\/revisions\/19066"}],"wp:featuredmedia":[{"embeddable":true,"href":"https:\/\/elinformanteperu.com\/index.php\/wp-json\/wp\/v2\/media\/19065"}],"wp:attachment":[{"href":"https:\/\/elinformanteperu.com\/index.php\/wp-json\/wp\/v2\/media?parent=19064"}],"wp:term":[{"taxonomy":"category","embeddable":true,"href":"https:\/\/elinformanteperu.com\/index.php\/wp-json\/wp\/v2\/categories?post=19064"},{"taxonomy":"post_tag","embeddable":true,"href":"https:\/\/elinformanteperu.com\/index.php\/wp-json\/wp\/v2\/tags?post=19064"}],"curies":[{"name":"wp","href":"https:\/\/api.w.org\/{rel}","templated":true}]}}