{"id":19051,"date":"2017-11-27T00:00:37","date_gmt":"2017-11-27T05:00:37","guid":{"rendered":"http:\/\/elinformanteperu.com\/?p=19051"},"modified":"2017-11-27T00:00:37","modified_gmt":"2017-11-27T05:00:37","slug":"james-cameron-asume-reto-de-cuatro-proyectos-de-avatar","status":"publish","type":"post","link":"https:\/\/elinformanteperu.com\/index.php\/2017\/11\/27\/james-cameron-asume-reto-de-cuatro-proyectos-de-avatar\/","title":{"rendered":"James Cameron asume reto de cuatro proyectos de \u00c1vatar"},"content":{"rendered":"<p><strong><span style=\"color: #000000;\">El cineasta canadiense James Cameron declar\u00f3 que avanza con su proyecto de secuelas del filme \u00c1vatar, pese a las dificultades que conlleva rodar bajo el agua.<\/span><\/strong><\/p>\n<p><span style=\"color: #000000;\"><strong>Los \u00c1ngeles, 26 Noviembre 2017, (PL).-<\/strong> El cineasta canadiense James Cameron declar\u00f3 que avanza con su proyecto de secuelas del filme \u00c1vatar, pese a las dificultades que conlleva rodar bajo el agua.<\/span><\/p>\n<p><span style=\"color: #000000;\">Por ahora est\u00e1n en marcha dos de las cuatro cintas de la saga, una de las m\u00e1s taquilleras de la historia, aunque Cameron permanece ante la disyuntiva del rodaje submarino con la tecnolog\u00eda de captura de movimiento.<\/span><\/p>\n<p><span style=\"color: #000000;\">Tiene que ser as\u00ed, porque \u00c1vatar 2 y \u00c1vatar 3 mostrar\u00e1n un mundo inexplorado sumergido en las profundas aguas de un lugar desconocido en el universo. Estamos en ello, sugiri\u00f3 el director.<\/span><\/p>\n<p><span style=\"color: #000000;\">Nunca se ha hecho antes y es muy complicado porque nuestro sistema de captura de movimiento es de los llamados de base \u00f3ptica, como la mayor\u00eda, y ello significa que usa marcadores fotografiados con cientos de c\u00e1maras, explic\u00f3.<\/span><\/p>\n<p><span style=\"color: #000000;\">El problema con el agua no es la parte submarina, sino la interfaz entre el aire y ese l\u00edquido vital, lo cual forma un espejo m\u00f3vil que refleja todos los puntos y marcadores, creando a su vez, muchos de estos falsos, aclar\u00f3 el cineasta.<\/span><\/p>\n<p><span style=\"color: #000000;\">Imag\u00ednense un avi\u00f3n de combate tirando un mont\u00f3n de paja para confundir el sistema de radar de un misil, ello crea miles de objetivos ilusorios, por lo que hemos tenido que resolver ese problema.<\/span><\/p>\n<p><span style=\"color: #000000;\">Luego de un a\u00f1o y medio de investigaciones tecnol\u00f3gicas, el mundo insondable del oc\u00e9ano que se dejar\u00e1 ver en \u00c1vatar 2 y 3 ya tiene todo preparado para comenzar su rodaje.<\/span><\/p>\n<p><span style=\"color: #000000;\">A\u00fan trabajamos en nuestro peque\u00f1o tanque de prueba: luego, pasaremos al tanque grande en enero. Hay mucho trabajo con agua en Avatar 2 y 3; tambi\u00e9n lo habr\u00e1 en la 4 y la 5, pero el \u00e9nfasis est\u00e1 en aquellas dos, confes\u00f3 Cameron durante una entrevista por el aniversario 20 del estreno de Titanic.<\/span><\/p>\n<p><span style=\"color: #000000;\">En la actualidad ambos filmes de \u00c1vatar se ruedan de forma simult\u00e1nea, y cuando termine la producci\u00f3n de ambas pel\u00edculas, James Cameron se tomar\u00e1 un descanso y volver\u00e1 meses m\u00e1s tarde para ponerle manos a la obra con los \u00c1vatar 4 y 5.<\/span><\/p>\n<p><img fetchpriority=\"high\" decoding=\"async\" class=\"aligncenter size-full wp-image-6938\" src=\"http:\/\/elinformanteperu.com\/wp-content\/uploads\/2017\/03\/avatar.jpg\" alt=\"\" width=\"3840\" height=\"2160\" srcset=\"https:\/\/elinformanteperu.com\/wp-content\/uploads\/2017\/03\/avatar.jpg 3840w, https:\/\/elinformanteperu.com\/wp-content\/uploads\/2017\/03\/avatar-300x169.jpg 300w, https:\/\/elinformanteperu.com\/wp-content\/uploads\/2017\/03\/avatar-768x432.jpg 768w, https:\/\/elinformanteperu.com\/wp-content\/uploads\/2017\/03\/avatar-1024x576.jpg 1024w, https:\/\/elinformanteperu.com\/wp-content\/uploads\/2017\/03\/avatar-128x72.jpg 128w, https:\/\/elinformanteperu.com\/wp-content\/uploads\/2017\/03\/avatar-32x18.jpg 32w, https:\/\/elinformanteperu.com\/wp-content\/uploads\/2017\/03\/avatar-620x350.jpg 620w, https:\/\/elinformanteperu.com\/wp-content\/uploads\/2017\/03\/avatar-935x526.jpg 935w\" sizes=\"(max-width: 3840px) 100vw, 3840px\" \/><\/p>\n","protected":false},"excerpt":{"rendered":"<p>El cineasta canadiense James Cameron declar\u00f3 que avanza con su proyecto de secuelas del filme \u00c1vatar, pese a las dificultades que conlleva rodar bajo el agua. Los \u00c1ngeles, 26 Noviembre 2017, (PL).- El cineasta canadiense James Cameron declar\u00f3 que avanza con su proyecto de secuelas del filme \u00c1vatar, pese a las dificultades que conlleva rodar [&hellip;]<\/p>\n","protected":false},"author":1,"featured_media":19052,"comment_status":"open","ping_status":"open","sticky":false,"template":"","format":"standard","meta":{"rop_custom_images_group":[],"rop_custom_messages_group":[],"rop_publish_now":"initial","rop_publish_now_accounts":[],"rop_publish_now_history":[],"rop_publish_now_status":"pending","footnotes":""},"categories":[7],"tags":[1175,896],"class_list":["post-19051","post","type-post","status-publish","format-standard","has-post-thumbnail","hentry","category-butaca","tag-avatar","tag-james-cameron"],"_links":{"self":[{"href":"https:\/\/elinformanteperu.com\/index.php\/wp-json\/wp\/v2\/posts\/19051","targetHints":{"allow":["GET"]}}],"collection":[{"href":"https:\/\/elinformanteperu.com\/index.php\/wp-json\/wp\/v2\/posts"}],"about":[{"href":"https:\/\/elinformanteperu.com\/index.php\/wp-json\/wp\/v2\/types\/post"}],"author":[{"embeddable":true,"href":"https:\/\/elinformanteperu.com\/index.php\/wp-json\/wp\/v2\/users\/1"}],"replies":[{"embeddable":true,"href":"https:\/\/elinformanteperu.com\/index.php\/wp-json\/wp\/v2\/comments?post=19051"}],"version-history":[{"count":1,"href":"https:\/\/elinformanteperu.com\/index.php\/wp-json\/wp\/v2\/posts\/19051\/revisions"}],"predecessor-version":[{"id":19053,"href":"https:\/\/elinformanteperu.com\/index.php\/wp-json\/wp\/v2\/posts\/19051\/revisions\/19053"}],"wp:featuredmedia":[{"embeddable":true,"href":"https:\/\/elinformanteperu.com\/index.php\/wp-json\/wp\/v2\/media\/19052"}],"wp:attachment":[{"href":"https:\/\/elinformanteperu.com\/index.php\/wp-json\/wp\/v2\/media?parent=19051"}],"wp:term":[{"taxonomy":"category","embeddable":true,"href":"https:\/\/elinformanteperu.com\/index.php\/wp-json\/wp\/v2\/categories?post=19051"},{"taxonomy":"post_tag","embeddable":true,"href":"https:\/\/elinformanteperu.com\/index.php\/wp-json\/wp\/v2\/tags?post=19051"}],"curies":[{"name":"wp","href":"https:\/\/api.w.org\/{rel}","templated":true}]}}