{"id":19038,"date":"2017-11-26T23:39:07","date_gmt":"2017-11-27T04:39:07","guid":{"rendered":"http:\/\/elinformanteperu.com\/?p=19038"},"modified":"2017-11-26T23:39:07","modified_gmt":"2017-11-27T04:39:07","slug":"funeral-de-malcom-young-sera-el-28-de-noviembre-en-sidney-australia","status":"publish","type":"post","link":"https:\/\/elinformanteperu.com\/index.php\/2017\/11\/26\/funeral-de-malcom-young-sera-el-28-de-noviembre-en-sidney-australia\/","title":{"rendered":"Funeral de Malcom Young ser\u00e1 el 28 de noviembre en Sidney, Australia"},"content":{"rendered":"<p><strong><span style=\"color: #000000;\">El funeral del guitarrista de la legendaria banda australiana de rock AC\/DC, Malcolm Young, ser\u00e1 el 28 de noviembre en la Catedral Santa Mar\u00eda de esta capital.<\/span><\/strong><\/p>\n<p><span style=\"color: #000000;\"><strong>Sydney, 26 Noviembre 2017, (PL).-<\/strong> El funeral del cofundador y guitarrista de la legendaria banda australiana de rock AC\/DC, Malcolm Young, ser\u00e1 el 28 de noviembre en la Catedral Santa Mar\u00eda de esta capital, anunciaron medios locales.<\/span><\/p>\n<p><span style=\"color: #000000;\">La ceremonia est\u00e1 fijada para las 11:00, hora local, y se espera sea una despedida privada a la que solo asistan familiares y amigos del m\u00edtico m\u00fasico fallecido el 18 de noviembre, a los 64 a\u00f1os, tras padecer demencia.<\/span><\/p>\n<p><span style=\"color: #000000;\">El guitarrista fund\u00f3 AC\/DC junto a su hermano Angus en 1973, y desempe\u00f1\u00f3 un rol protag\u00f3nico en la alineaci\u00f3n hasta hace tres a\u00f1os, cuando se alej\u00f3 de los escenarios al ser diagnosticado con la enfermedad.<\/span><\/p>\n<p><span style=\"color: #000000;\">Su muerte conmovi\u00f3 el mundo de la m\u00fasica, y caus\u00f3 un sinn\u00famero de reacciones por parte de sus compa\u00f1eros de banda, m\u00fasicos de todas las tendencias y estilos, y el ej\u00e9rcito de seguidores que sigue a la legendaria agrupaci\u00f3n desde todos los rincones del orbe.<\/span><\/p>\n<p><span style=\"color: #000000;\">La muerte de Young sucedi\u00f3 a poco menos de un mes de la de su hermano mayor Goerge, productor de AC\/DC durante su primera etapa.<\/span><\/p>\n<p><span style=\"color: #000000;\">El mismo d\u00eda del funeral de Malcolm Young ser\u00e1 la celebraci\u00f3n anual de la entrega de los premios de la m\u00fasica australiana, los ARIA, donde se espera alg\u00fan recordatorio al creador de la agrupaci\u00f3n m\u00e1s conocida del pa\u00eds.<\/span><\/p>\n<p><iframe src=\"https:\/\/www.youtube-nocookie.com\/embed\/omtGwwsk8rI?rel=0&amp;controls=0&amp;showinfo=0\" width=\"560\" height=\"315\" frameborder=\"0\" allowfullscreen=\"allowfullscreen\"><\/iframe><\/p>\n","protected":false},"excerpt":{"rendered":"<p>El funeral del guitarrista de la legendaria banda australiana de rock AC\/DC, Malcolm Young, ser\u00e1 el 28 de noviembre en la Catedral Santa Mar\u00eda de esta capital. Sydney, 26 Noviembre 2017, (PL).- El funeral del cofundador y guitarrista de la legendaria banda australiana de rock AC\/DC, Malcolm Young, ser\u00e1 el 28 de noviembre en la [&hellip;]<\/p>\n","protected":false},"author":1,"featured_media":19039,"comment_status":"open","ping_status":"open","sticky":false,"template":"","format":"standard","meta":{"rop_custom_images_group":[],"rop_custom_messages_group":[],"rop_publish_now":"initial","rop_publish_now_accounts":[],"rop_publish_now_history":[],"rop_publish_now_status":"pending","footnotes":""},"categories":[69],"tags":[2473,2472],"class_list":["post-19038","post","type-post","status-publish","format-standard","has-post-thumbnail","hentry","category-musica","tag-ac-dc","tag-malcolm-young"],"_links":{"self":[{"href":"https:\/\/elinformanteperu.com\/index.php\/wp-json\/wp\/v2\/posts\/19038","targetHints":{"allow":["GET"]}}],"collection":[{"href":"https:\/\/elinformanteperu.com\/index.php\/wp-json\/wp\/v2\/posts"}],"about":[{"href":"https:\/\/elinformanteperu.com\/index.php\/wp-json\/wp\/v2\/types\/post"}],"author":[{"embeddable":true,"href":"https:\/\/elinformanteperu.com\/index.php\/wp-json\/wp\/v2\/users\/1"}],"replies":[{"embeddable":true,"href":"https:\/\/elinformanteperu.com\/index.php\/wp-json\/wp\/v2\/comments?post=19038"}],"version-history":[{"count":1,"href":"https:\/\/elinformanteperu.com\/index.php\/wp-json\/wp\/v2\/posts\/19038\/revisions"}],"predecessor-version":[{"id":19040,"href":"https:\/\/elinformanteperu.com\/index.php\/wp-json\/wp\/v2\/posts\/19038\/revisions\/19040"}],"wp:featuredmedia":[{"embeddable":true,"href":"https:\/\/elinformanteperu.com\/index.php\/wp-json\/wp\/v2\/media\/19039"}],"wp:attachment":[{"href":"https:\/\/elinformanteperu.com\/index.php\/wp-json\/wp\/v2\/media?parent=19038"}],"wp:term":[{"taxonomy":"category","embeddable":true,"href":"https:\/\/elinformanteperu.com\/index.php\/wp-json\/wp\/v2\/categories?post=19038"},{"taxonomy":"post_tag","embeddable":true,"href":"https:\/\/elinformanteperu.com\/index.php\/wp-json\/wp\/v2\/tags?post=19038"}],"curies":[{"name":"wp","href":"https:\/\/api.w.org\/{rel}","templated":true}]}}