{"id":19009,"date":"2017-11-26T10:06:29","date_gmt":"2017-11-26T15:06:29","guid":{"rendered":"http:\/\/elinformanteperu.com\/?p=19009"},"modified":"2017-11-26T10:06:41","modified_gmt":"2017-11-26T15:06:41","slug":"guerra-garcia-situacion-de-susana-villaran-es-dolorosa-para-la-izquierda","status":"publish","type":"post","link":"https:\/\/elinformanteperu.com\/index.php\/2017\/11\/26\/guerra-garcia-situacion-de-susana-villaran-es-dolorosa-para-la-izquierda\/","title":{"rendered":"Guerra Garc\u00eda: situaci\u00f3n de Susana Villar\u00e1n es dolorosa para la izquierda"},"content":{"rendered":"<p><strong><span style=\"color: #000000;\">La situaci\u00f3n de Susana Villar\u00e1n, investigada por aportes de constructoras brasile\u00f1as a la campa\u00f1a contra su revocatoria, es dolorosa para la izquierda, se\u00f1al\u00f3 Gustavo Guerra Garc\u00eda.<\/span><\/strong><\/p>\n<p><span style=\"color: #000000;\"><strong>Lima, 25 Noviembre 2017, (ANDINA).-<\/strong> La situaci\u00f3n de Susana Villar\u00e1n, investigada por aportes de constructoras brasile\u00f1as a la campa\u00f1a contra su revocatoria, es dolorosa para la izquierda en Per\u00fa, se\u00f1al\u00f3 Gustavo Guerra Garc\u00eda, quien fue presidente de Protransporte en la gesti\u00f3n de la exalcaldesa de Lima.<\/span><\/p>\n<p><span style=\"color: #000000;\">Indic\u00f3 que los casos de corrupci\u00f3n y los pagos que hizo Odebrecht en Per\u00fa afectan en gran medida a los sectores pol\u00edticos del pa\u00eds, entre ellos la izquierda; sin embargo, dijo que es necesario conocer toda la verdad para que \u201ccaigan todos los que tengan que caer\u201d.<\/span><\/p>\n<p><span style=\"color: #000000;\">En ese sentido, el ex funcionario edilicio consider\u00f3 que las revelaciones provenientes de Brasil, bajo el esquema de la delaci\u00f3n premiada, son positivas para Per\u00fa porque han permitido conocer el accionar del \u201cclub de las constructoras brasile\u00f1as\u201d y su vinculaci\u00f3n con pol\u00edticos peruanos.<\/span><\/p>\n<p><span style=\"color: #000000;\">\u201cLo que ocurre es bueno para Per\u00fa, por m\u00e1s doloroso que sea (\u2026). Aunque nos duela a todos y afecte a los sectores pol\u00edticos, incluyendo a la izquierda por el caso de Susana Villar\u00e1n, esto ha permitido que sepamos una gran parte de la verdad\u201d, coment\u00f3 en \u00abRPP\u00bb.<\/span><\/p>\n<p><span style=\"color: #000000;\">En opini\u00f3n de Guerra Garc\u00eda, las investigaciones y testimonios, tanto en Per\u00fa como en Brasil, tambi\u00e9n permitir\u00e1n \u201cpurgar el sistema pol\u00edtico\u201d y evitar\u00e1n que las empresas brasile\u00f1as inmersas en casos de corrupci\u00f3n vuelvan a contratar en el pa\u00eds.<\/span><\/p>\n<p><span style=\"color: #000000;\">\u201cLas investigaciones en Brasil nos permiten saber hoy todo lo que conocemos (\u2026). Con ello tendremos un futuro con m\u00e1s esperanza y menos sometido a la corrupci\u00f3n\u201d, anot\u00f3 el exdirectivo de Protransporte.<\/span><\/p>\n<p><span style=\"color: #000000;\">Consider\u00f3 necesario procurar que el flujo de informaci\u00f3n que llega de Brasil contin\u00fae, y que el fiscal de la Naci\u00f3n, Pablo S\u00e1nchez, no sea sacado de carrera mediante la denuncia constitucional en su contra, pues, ello discontinuar\u00eda las pesquisas.<\/span><\/p>\n<p><span style=\"color: #000000;\">\u201cSi no se hubieran dado esos procesos de investigaci\u00f3n a fondo en Brasil quiz\u00e1s no sabr\u00edamos hoy d\u00eda todo lo que conocemos. Con la informaci\u00f3n que viene sobre Alan Garc\u00eda, Keiko Fujimori, Susana Villar\u00e1n, todo esto ahora se sabe\u201d, asever\u00f3.<\/span><\/p>\n","protected":false},"excerpt":{"rendered":"<p>La situaci\u00f3n de Susana Villar\u00e1n, investigada por aportes de constructoras brasile\u00f1as a la campa\u00f1a contra su revocatoria, es dolorosa para la izquierda, se\u00f1al\u00f3 Gustavo Guerra Garc\u00eda. Lima, 25 Noviembre 2017, (ANDINA).- La situaci\u00f3n de Susana Villar\u00e1n, investigada por aportes de constructoras brasile\u00f1as a la campa\u00f1a contra su revocatoria, es dolorosa para la izquierda en Per\u00fa, [&hellip;]<\/p>\n","protected":false},"author":1,"featured_media":19010,"comment_status":"open","ping_status":"open","sticky":false,"template":"","format":"standard","meta":{"rop_custom_images_group":[],"rop_custom_messages_group":[],"rop_publish_now":"initial","rop_publish_now_accounts":[],"rop_publish_now_history":[],"rop_publish_now_status":"pending","footnotes":""},"categories":[5],"tags":[2470,619,776],"class_list":["post-19009","post","type-post","status-publish","format-standard","has-post-thumbnail","hentry","category-actualidad-informativa","tag-gustavo-guerra-garcia","tag-odebrecht","tag-susana-villaran"],"_links":{"self":[{"href":"https:\/\/elinformanteperu.com\/index.php\/wp-json\/wp\/v2\/posts\/19009","targetHints":{"allow":["GET"]}}],"collection":[{"href":"https:\/\/elinformanteperu.com\/index.php\/wp-json\/wp\/v2\/posts"}],"about":[{"href":"https:\/\/elinformanteperu.com\/index.php\/wp-json\/wp\/v2\/types\/post"}],"author":[{"embeddable":true,"href":"https:\/\/elinformanteperu.com\/index.php\/wp-json\/wp\/v2\/users\/1"}],"replies":[{"embeddable":true,"href":"https:\/\/elinformanteperu.com\/index.php\/wp-json\/wp\/v2\/comments?post=19009"}],"version-history":[{"count":2,"href":"https:\/\/elinformanteperu.com\/index.php\/wp-json\/wp\/v2\/posts\/19009\/revisions"}],"predecessor-version":[{"id":19012,"href":"https:\/\/elinformanteperu.com\/index.php\/wp-json\/wp\/v2\/posts\/19009\/revisions\/19012"}],"wp:featuredmedia":[{"embeddable":true,"href":"https:\/\/elinformanteperu.com\/index.php\/wp-json\/wp\/v2\/media\/19010"}],"wp:attachment":[{"href":"https:\/\/elinformanteperu.com\/index.php\/wp-json\/wp\/v2\/media?parent=19009"}],"wp:term":[{"taxonomy":"category","embeddable":true,"href":"https:\/\/elinformanteperu.com\/index.php\/wp-json\/wp\/v2\/categories?post=19009"},{"taxonomy":"post_tag","embeddable":true,"href":"https:\/\/elinformanteperu.com\/index.php\/wp-json\/wp\/v2\/tags?post=19009"}],"curies":[{"name":"wp","href":"https:\/\/api.w.org\/{rel}","templated":true}]}}