{"id":1891,"date":"2016-11-27T22:10:17","date_gmt":"2016-11-28T03:10:17","guid":{"rendered":"http:\/\/elinformanteperu.com\/?p=1891"},"modified":"2016-11-27T22:10:17","modified_gmt":"2016-11-28T03:10:17","slug":"vizcarra-paquete-legislativo-se-publicara-de-manera-gradual-pero-dentro-de-plazos","status":"publish","type":"post","link":"https:\/\/elinformanteperu.com\/index.php\/2016\/11\/27\/vizcarra-paquete-legislativo-se-publicara-de-manera-gradual-pero-dentro-de-plazos\/","title":{"rendered":"Vizcarra: paquete legislativo se publicar\u00e1 de manera gradual, pero dentro de plazos"},"content":{"rendered":"<p style=\"text-align: justify;\"><strong>El grupo de normas que emitir\u00e1 el Poder Ejecutivo ser\u00e1 publicado de forma gradual asegur\u00f3 Mart\u00edn Vizcarra.<\/strong><\/p>\n<p style=\"text-align: justify;\"><strong>Lima, 27 Noviembre 2016, (ANDINA).-<\/strong> El grupo de normas que emitir\u00e1 el Poder Ejecutivo en el marco de las facultades legislativas delegadas por el Congreso ser\u00e1 publicado de forma gradual y dentro de los plazos establecidos por la ley, asegur\u00f3 el primer vicepresidente de Per\u00fa, Mart\u00edn Vizcarra.<\/p>\n<p style=\"text-align: justify;\">\u201cEs un gobierno que cumple sus compromisos y promueve la inversi\u00f3n\u2026 el paquete legislativo se est\u00e1 presentado de manera gradual; cada semana estamos publicado decretos\u201d, explic\u00f3 a la Agencia Andina.<\/p>\n<p style=\"text-align: justify;\">En ese marco, descart\u00f3 retrasos en la emisi\u00f3n de las normas y asegur\u00f3 que el Ejecutivo est\u00e1 dentro del periodo otorgado por el Parlamento nacional.<\/p>\n<p style=\"text-align: justify;\">El Congreso de la Rep\u00fablica\u00a0otorg\u00f3 facultades al Ejecutivo para legislar en materia de lucha contra la delincuencia, reactivaci\u00f3n econ\u00f3mica, combate a la corrupci\u00f3n, facilitar el acceso al agua e impulso a la infraestructura.<\/p>\n<p style=\"text-align: justify;\">Al respecto, Vizcarra subray\u00f3 que los cinco ejes materia de legislaci\u00f3n tienen la misma prioridad para el Ejecutivo.<\/p>\n<p style=\"text-align: justify;\">\u201cLos decretos legislativos orientados a luchar contra la delincuencia, los que reactivan la econom\u00eda, combaten la corrupci\u00f3n, facilitan el acceso del agua a m\u00e1s peruanos y permiten mejores obras de infraestructura, todos son importantes\u201d, manifest\u00f3.<\/p>\n<p style=\"text-align: justify;\">El tambi\u00e9n ministro de Transportes y Comunicaciones a\u00f1adi\u00f3 que evaluar\u00e1n la posibilidad de crear el ministerio de apoyo a las regiones una vez culmine la publicaci\u00f3n de los decretos legislativos.<\/p>\n<p style=\"text-align: justify;\">Precis\u00f3 que ese an\u00e1lisis pasar\u00e1 por observar la receptividad del Congreso sobre la propuesta. En ese sentido, a\u00f1adi\u00f3, si no existe voluntad de apoyar dicho planteamiento por parte de la oposici\u00f3n, quedar\u00eda postergado.<\/p>\n<p style=\"text-align: justify;\">Sin embargo, remarc\u00f3, ello no entorpecer\u00e1 ni afectar\u00e1 el trabajo articulado del Poder Ejecutivo con las regiones a trav\u00e9s del Gore-Ejecutivo, cuya tercera edici\u00f3n se realizar\u00e1 en febrero del 2017.<\/p>\n","protected":false},"excerpt":{"rendered":"<p>El grupo de normas que emitir\u00e1 el Poder Ejecutivo ser\u00e1 publicado de forma gradual asegur\u00f3 Mart\u00edn Vizcarra. Lima, 27 Noviembre 2016, (ANDINA).- El grupo de normas que emitir\u00e1 el Poder Ejecutivo en el marco de las facultades legislativas delegadas por el Congreso ser\u00e1 publicado de forma gradual y dentro de los plazos establecidos por la [&hellip;]<\/p>\n","protected":false},"author":1,"featured_media":1892,"comment_status":"open","ping_status":"open","sticky":false,"template":"","format":"standard","meta":{"rop_custom_images_group":[],"rop_custom_messages_group":[],"rop_publish_now":"initial","rop_publish_now_accounts":[],"rop_publish_now_history":[],"rop_publish_now_status":"pending","footnotes":""},"categories":[5],"tags":[192,289],"class_list":["post-1891","post","type-post","status-publish","format-standard","has-post-thumbnail","hentry","category-actualidad-informativa","tag-congreso","tag-martin-vizcarra"],"_links":{"self":[{"href":"https:\/\/elinformanteperu.com\/index.php\/wp-json\/wp\/v2\/posts\/1891","targetHints":{"allow":["GET"]}}],"collection":[{"href":"https:\/\/elinformanteperu.com\/index.php\/wp-json\/wp\/v2\/posts"}],"about":[{"href":"https:\/\/elinformanteperu.com\/index.php\/wp-json\/wp\/v2\/types\/post"}],"author":[{"embeddable":true,"href":"https:\/\/elinformanteperu.com\/index.php\/wp-json\/wp\/v2\/users\/1"}],"replies":[{"embeddable":true,"href":"https:\/\/elinformanteperu.com\/index.php\/wp-json\/wp\/v2\/comments?post=1891"}],"version-history":[{"count":1,"href":"https:\/\/elinformanteperu.com\/index.php\/wp-json\/wp\/v2\/posts\/1891\/revisions"}],"predecessor-version":[{"id":1893,"href":"https:\/\/elinformanteperu.com\/index.php\/wp-json\/wp\/v2\/posts\/1891\/revisions\/1893"}],"wp:featuredmedia":[{"embeddable":true,"href":"https:\/\/elinformanteperu.com\/index.php\/wp-json\/wp\/v2\/media\/1892"}],"wp:attachment":[{"href":"https:\/\/elinformanteperu.com\/index.php\/wp-json\/wp\/v2\/media?parent=1891"}],"wp:term":[{"taxonomy":"category","embeddable":true,"href":"https:\/\/elinformanteperu.com\/index.php\/wp-json\/wp\/v2\/categories?post=1891"},{"taxonomy":"post_tag","embeddable":true,"href":"https:\/\/elinformanteperu.com\/index.php\/wp-json\/wp\/v2\/tags?post=1891"}],"curies":[{"name":"wp","href":"https:\/\/api.w.org\/{rel}","templated":true}]}}