{"id":1889,"date":"2016-11-27T22:06:42","date_gmt":"2016-11-28T03:06:42","guid":{"rendered":"http:\/\/elinformanteperu.com\/?p=1889"},"modified":"2016-11-27T22:06:42","modified_gmt":"2016-11-28T03:06:42","slug":"encargan-a-martin-vizcarra-despacho-de-la-presidencia-de-la-republica","status":"publish","type":"post","link":"https:\/\/elinformanteperu.com\/index.php\/2016\/11\/27\/encargan-a-martin-vizcarra-despacho-de-la-presidencia-de-la-republica\/","title":{"rendered":"Encargan a Mart\u00edn Vizcarra despacho de la Presidencia de la Rep\u00fablica"},"content":{"rendered":"<p style=\"text-align: justify;\"><strong>El primer vicepresidente de la Rep\u00fablica, Mart\u00edn Vizcarra, quedar\u00e1 a cargo de la presidencia durante la visita oficial del mandatario Pedro Pablo Kuczynski a Chile.<\/strong><\/p>\n<p style=\"text-align: justify;\"><strong>Lima, 27 Noviembre 2016, (ANDINA).<\/strong>&#8211; El primer vicepresidente de la Rep\u00fablica, Mart\u00edn Vizcarra, quedar\u00e1 a cargo de la presidencia durante la visita oficial del mandatario Pedro Pablo Kuczynski\u00a0a Chile, del 28 al 30 de noviembre.<\/p>\n<p style=\"text-align: justify;\">Seg\u00fan la resoluci\u00f3n suprema publicada este domingo en el bolet\u00edn de Normas Legales del Diario Oficial El Peruano, se le encarga la presidencia a Vizcarra desde ma\u00f1ana lunes en tanto dure la ausencia del jefe del Estado.<\/p>\n<p style=\"text-align: justify;\">La norma lleva la r\u00fabrica del mandatario peruano y del jefe del Gabinete Ministerial, Fernando Zavala.<\/p>\n<p style=\"text-align: justify;\">Kuczynski Godard viajar\u00e1 del 28 al 30 de noviembre a Santiago para cumplir una visita oficial a Chile por invitaci\u00f3n de su hom\u00f3loga Michelle Bachelet.<\/p>\n<p style=\"text-align: justify;\">La visita oficial del presidente Kuczynski a Chile, de acuerdo con el oficio remitido por el Ejecutivo al Congreso, permitir\u00e1 brindar un renovado impulso a la relaci\u00f3n bilateral con ese pa\u00eds y demostrar la voluntad de Per\u00fa de trabajar en una agenda amplia, que refleje el creciente grado de coincidencia entre ambas naciones.<\/p>\n<p style=\"text-align: justify;\">El Ejecutivo tambi\u00e9n autoriz\u00f3 encargar el despacho de Transportes y Comunicaciones, al ministro de Agricultura, Jos\u00e9 Manuel Hern\u00e1ndez, en tanto dure la encargatura de Vizcarra en la Presidencia de la Rep\u00fablica.<\/p>\n","protected":false},"excerpt":{"rendered":"<p>El primer vicepresidente de la Rep\u00fablica, Mart\u00edn Vizcarra, quedar\u00e1 a cargo de la presidencia durante la visita oficial del mandatario Pedro Pablo Kuczynski a Chile. Lima, 27 Noviembre 2016, (ANDINA).&#8211; El primer vicepresidente de la Rep\u00fablica, Mart\u00edn Vizcarra, quedar\u00e1 a cargo de la presidencia durante la visita oficial del mandatario Pedro Pablo Kuczynski\u00a0a Chile, del [&hellip;]<\/p>\n","protected":false},"author":1,"featured_media":1665,"comment_status":"open","ping_status":"open","sticky":false,"template":"","format":"standard","meta":{"rop_custom_images_group":[],"rop_custom_messages_group":[],"rop_publish_now":"initial","rop_publish_now_accounts":[],"rop_publish_now_history":[],"rop_publish_now_status":"pending","footnotes":""},"categories":[5],"tags":[289,288,74,73],"class_list":["post-1889","post","type-post","status-publish","format-standard","has-post-thumbnail","hentry","category-actualidad-informativa","tag-martin-vizcarra","tag-michelle-bachelet","tag-pedro-pablo-kuczynski","tag-ppk"],"_links":{"self":[{"href":"https:\/\/elinformanteperu.com\/index.php\/wp-json\/wp\/v2\/posts\/1889","targetHints":{"allow":["GET"]}}],"collection":[{"href":"https:\/\/elinformanteperu.com\/index.php\/wp-json\/wp\/v2\/posts"}],"about":[{"href":"https:\/\/elinformanteperu.com\/index.php\/wp-json\/wp\/v2\/types\/post"}],"author":[{"embeddable":true,"href":"https:\/\/elinformanteperu.com\/index.php\/wp-json\/wp\/v2\/users\/1"}],"replies":[{"embeddable":true,"href":"https:\/\/elinformanteperu.com\/index.php\/wp-json\/wp\/v2\/comments?post=1889"}],"version-history":[{"count":1,"href":"https:\/\/elinformanteperu.com\/index.php\/wp-json\/wp\/v2\/posts\/1889\/revisions"}],"predecessor-version":[{"id":1890,"href":"https:\/\/elinformanteperu.com\/index.php\/wp-json\/wp\/v2\/posts\/1889\/revisions\/1890"}],"wp:featuredmedia":[{"embeddable":true,"href":"https:\/\/elinformanteperu.com\/index.php\/wp-json\/wp\/v2\/media\/1665"}],"wp:attachment":[{"href":"https:\/\/elinformanteperu.com\/index.php\/wp-json\/wp\/v2\/media?parent=1889"}],"wp:term":[{"taxonomy":"category","embeddable":true,"href":"https:\/\/elinformanteperu.com\/index.php\/wp-json\/wp\/v2\/categories?post=1889"},{"taxonomy":"post_tag","embeddable":true,"href":"https:\/\/elinformanteperu.com\/index.php\/wp-json\/wp\/v2\/tags?post=1889"}],"curies":[{"name":"wp","href":"https:\/\/api.w.org\/{rel}","templated":true}]}}