{"id":18865,"date":"2017-11-23T00:10:31","date_gmt":"2017-11-23T05:10:31","guid":{"rendered":"http:\/\/elinformanteperu.com\/?p=18865"},"modified":"2017-11-23T00:37:13","modified_gmt":"2017-11-23T05:37:13","slug":"susana-villaran-esto-dijeron-quienes-la-apoyaron-en-campana-de-revocatoria","status":"publish","type":"post","link":"https:\/\/elinformanteperu.com\/index.php\/2017\/11\/23\/susana-villaran-esto-dijeron-quienes-la-apoyaron-en-campana-de-revocatoria\/","title":{"rendered":"Susana Villar\u00e1n: esto dijeron quienes la apoyaron en campa\u00f1a de revocatoria"},"content":{"rendered":"<p><strong><span style=\"color: #000000;\">Tras publicarse un informe period\u00edstico sobre pagos brasile\u00f1os a la campa\u00f1a contra la revocatoria de Susana Villar\u00e1n, esto dijeron quienes la apoyaron para que siga en el sill\u00f3n municipal.<\/span><\/strong><\/p>\n<p><span style=\"color: #000000;\"><strong>Lima, 22 Noviembre 2017, (ANDINA).<\/strong>&#8211; Tras publicarse un informe period\u00edstico en el que un aspirante a colaborador eficaz se\u00f1ala que Odebrecht y OAS pagaron a publicistas de la campa\u00f1a contra la revocatoria de Susana Villar\u00e1n, esto dijeron quienes la apoyaron para que siga en el sill\u00f3n municipal.<\/span><\/p>\n<p><span style=\"color: #000000;\">\u00abYo puse la cara y el pecho por la campa\u00f1a del NO y me siento profundamente decepcionada al saber que fue financiada con dinero sucio\u00bb, escribi\u00f3 la actriz M\u00f3nica S\u00e1nchez en su cuenta en Twitter.<\/span><\/p>\n<p><span style=\"color: #000000;\">La artista, una de las caras m\u00e1s visibles en la campa\u00f1a contra la revocatoria, asegur\u00f3 que nunca recibi\u00f3 un sol y se\u00f1al\u00f3 esperar que se investigue a los responsables y se asuman las consecuencias.<\/span><\/p>\n<p><span style=\"color: #000000;\">Por su parte, la congresista de Nuevo Per\u00fa Indira Huilca, pidi\u00f3 que se investigue \u00abcaiga quien caiga\u00bb y se sancione a quienes resulten responsables.<\/span><\/p>\n<p><span style=\"color: #000000;\">\u00abEn casos investigados por corrupci\u00f3n la diferencia es qui\u00e9n se corre y qui\u00e9n no. Qui\u00e9n da cara y qui\u00e9n no. Qui\u00e9n manipula o presiona a la justicia y qui\u00e9n no. Tolerancia cero a la corrupci\u00f3n y la impunidad. Caiga quien caiga\u00bb, manifest\u00f3 v\u00eda Twitter.<\/span><\/p>\n<p><span style=\"color: #000000;\">Huilca, quien fue regidora durante la gesti\u00f3n de Villar\u00e1n, refiri\u00f3 que hoy m\u00e1s que nunca se debe rechazar los intentos de presi\u00f3n pol\u00edtica sobre la Fiscal\u00eda de la Naci\u00f3n y las amenazas hacia la prensa que investiga.<\/span><\/p>\n<p><span style=\"color: #000000;\">Susana Villar\u00e1n asegur\u00f3 esta ma\u00f1ana que nunca se reuni\u00f3 con el hoy aspirante a colaborador eficaz Valdemir Garreta para gestionar pago alguno a la campa\u00f1a contra la revocatoria que afront\u00f3 su gesti\u00f3n en marzo del 2013.<\/span><\/p>\n<p><span style=\"color: #000000;\">Fue en respuesta a la nota de un diario local en la cual se cita un testimonio de Valdemir Garreta, quien -seg\u00fan la publicaci\u00f3n- declar\u00f3 en Brasil que las constructoras Odebrecht y OAS financiaron la publicidad y asesor\u00edas de la campa\u00f1a contra la revocatoria.<\/span><\/p>\n<p><img fetchpriority=\"high\" decoding=\"async\" class=\"aligncenter size-full wp-image-18881\" src=\"http:\/\/elinformanteperu.com\/wp-content\/uploads\/2017\/11\/twrrt-monica-sanchez.png\" alt=\"\" width=\"497\" height=\"270\" srcset=\"https:\/\/elinformanteperu.com\/wp-content\/uploads\/2017\/11\/twrrt-monica-sanchez.png 497w, https:\/\/elinformanteperu.com\/wp-content\/uploads\/2017\/11\/twrrt-monica-sanchez-300x163.png 300w, https:\/\/elinformanteperu.com\/wp-content\/uploads\/2017\/11\/twrrt-monica-sanchez-128x70.png 128w, https:\/\/elinformanteperu.com\/wp-content\/uploads\/2017\/11\/twrrt-monica-sanchez-32x17.png 32w\" sizes=\"(max-width: 497px) 100vw, 497px\" \/><\/p>\n","protected":false},"excerpt":{"rendered":"<p>Tras publicarse un informe period\u00edstico sobre pagos brasile\u00f1os a la campa\u00f1a contra la revocatoria de Susana Villar\u00e1n, esto dijeron quienes la apoyaron para que siga en el sill\u00f3n municipal. Lima, 22 Noviembre 2017, (ANDINA).&#8211; Tras publicarse un informe period\u00edstico en el que un aspirante a colaborador eficaz se\u00f1ala que Odebrecht y OAS pagaron a publicistas [&hellip;]<\/p>\n","protected":false},"author":1,"featured_media":18866,"comment_status":"open","ping_status":"open","sticky":false,"template":"","format":"standard","meta":{"rop_custom_images_group":[],"rop_custom_messages_group":[],"rop_publish_now":"initial","rop_publish_now_accounts":[],"rop_publish_now_history":[],"rop_publish_now_status":"pending","footnotes":""},"categories":[5],"tags":[1106,776,2449],"class_list":["post-18865","post","type-post","status-publish","format-standard","has-post-thumbnail","hentry","category-actualidad-informativa","tag-indira-huilca","tag-susana-villaran","tag-valdemir-garreta"],"_links":{"self":[{"href":"https:\/\/elinformanteperu.com\/index.php\/wp-json\/wp\/v2\/posts\/18865","targetHints":{"allow":["GET"]}}],"collection":[{"href":"https:\/\/elinformanteperu.com\/index.php\/wp-json\/wp\/v2\/posts"}],"about":[{"href":"https:\/\/elinformanteperu.com\/index.php\/wp-json\/wp\/v2\/types\/post"}],"author":[{"embeddable":true,"href":"https:\/\/elinformanteperu.com\/index.php\/wp-json\/wp\/v2\/users\/1"}],"replies":[{"embeddable":true,"href":"https:\/\/elinformanteperu.com\/index.php\/wp-json\/wp\/v2\/comments?post=18865"}],"version-history":[{"count":2,"href":"https:\/\/elinformanteperu.com\/index.php\/wp-json\/wp\/v2\/posts\/18865\/revisions"}],"predecessor-version":[{"id":18882,"href":"https:\/\/elinformanteperu.com\/index.php\/wp-json\/wp\/v2\/posts\/18865\/revisions\/18882"}],"wp:featuredmedia":[{"embeddable":true,"href":"https:\/\/elinformanteperu.com\/index.php\/wp-json\/wp\/v2\/media\/18866"}],"wp:attachment":[{"href":"https:\/\/elinformanteperu.com\/index.php\/wp-json\/wp\/v2\/media?parent=18865"}],"wp:term":[{"taxonomy":"category","embeddable":true,"href":"https:\/\/elinformanteperu.com\/index.php\/wp-json\/wp\/v2\/categories?post=18865"},{"taxonomy":"post_tag","embeddable":true,"href":"https:\/\/elinformanteperu.com\/index.php\/wp-json\/wp\/v2\/tags?post=18865"}],"curies":[{"name":"wp","href":"https:\/\/api.w.org\/{rel}","templated":true}]}}