{"id":18841,"date":"2017-11-22T22:17:06","date_gmt":"2017-11-23T03:17:06","guid":{"rendered":"http:\/\/elinformanteperu.com\/?p=18841"},"modified":"2017-11-22T22:17:45","modified_gmt":"2017-11-23T03:17:45","slug":"cristian-benavente-siento-que-tengo-el-nivel-para-estar-en-el-mundial-de-rusia-2018","status":"publish","type":"post","link":"https:\/\/elinformanteperu.com\/index.php\/2017\/11\/22\/cristian-benavente-siento-que-tengo-el-nivel-para-estar-en-el-mundial-de-rusia-2018\/","title":{"rendered":"Cristian Benavente: \u00abSiento que tengo el nivel para estar en el Mundial de Rusia 2018\u00bb"},"content":{"rendered":"<p><strong><span style=\"color: #000000;\">El mediocampista peruano, Cristian Benavente, asever\u00f3 que luchar\u00e1 por ser parte del plantel de jugadores que llevar\u00e1 el t\u00e9cnico Ricardo Gareca al Mundial de Rusia 2018.<\/span><\/strong><\/p>\n<p><span style=\"color: #000000;\"><strong>Charleroi, 22 Noviembre 2017, (ANDINA).-<\/strong> El mediocampista peruano, Cristian Benavente, asever\u00f3 que luchar\u00e1 por ser parte del plantel de jugadores que llevar\u00e1 el t\u00e9cnico Ricardo Gareca al Mundial de Rusia 2018. Insisti\u00f3 que cuenta con el nivel para jugar el certamen m\u00e1ximo<\/span><\/p>\n<p><span style=\"color: #000000;\">Benavente es uno de los jugadores peruanos m\u00e1s nombrados en Europa por sus buenas actuaciones en el Sporting Charleroi de la Liga de B\u00e9lgica, donde fue considerado varias veces en el equipo titular de las jornadas disputadas.<\/span><\/p>\n<p><span style=\"color: #000000;\">Su presente le permite mirar con optimismo una posible convocatoria para disputar su primer Mundial de F\u00fatbol<\/span><\/p>\n<p><span style=\"color: #000000;\">\u00abSiento que tengo el nivel para estar en Rusia 2018 pero hay muchos jugadores que tambi\u00e9n lo tienen. El camino es largo. Quien vaya ser\u00e1 porque est\u00e1 en mejores condiciones, ya que el f\u00fatbol es de momentos\u201d, dijo el jugador de 23 a\u00f1os.<\/span><\/p>\n<p><span style=\"color: #000000;\">El futbolista, nacido en las divisiones menores del Real Madrid de Espa\u00f1a, cont\u00f3 que durante las eliminatorias el t\u00e9cnico Gareca fue a verlo jugar en el Charleroi y le dijo que siga esforzando porque se encuentra en el universo de jugadores peruanos convocables.<\/span><\/p>\n<p><span style=\"color: #000000;\">\u201cEstoy con mucha motivaci\u00f3n de cara a final de a\u00f1o, queda much\u00edsimo, pero es una meta que se ve lejos. Si voy a Rusia, que sea una consecuencia de haber tenido una gran temporada\u00bb, sentenci\u00f3 Benavente.<\/span><\/p>\n<p><img fetchpriority=\"high\" decoding=\"async\" class=\"aligncenter size-full wp-image-4628\" src=\"http:\/\/elinformanteperu.com\/wp-content\/uploads\/2017\/01\/cristian-benavente-charleroi1.jpg\" alt=\"\" width=\"790\" height=\"495\" srcset=\"https:\/\/elinformanteperu.com\/wp-content\/uploads\/2017\/01\/cristian-benavente-charleroi1.jpg 790w, https:\/\/elinformanteperu.com\/wp-content\/uploads\/2017\/01\/cristian-benavente-charleroi1-300x188.jpg 300w, https:\/\/elinformanteperu.com\/wp-content\/uploads\/2017\/01\/cristian-benavente-charleroi1-768x481.jpg 768w, https:\/\/elinformanteperu.com\/wp-content\/uploads\/2017\/01\/cristian-benavente-charleroi1-128x80.jpg 128w, https:\/\/elinformanteperu.com\/wp-content\/uploads\/2017\/01\/cristian-benavente-charleroi1-32x20.jpg 32w\" sizes=\"(max-width: 790px) 100vw, 790px\" \/><\/p>\n<p><iframe src=\"https:\/\/www.youtube-nocookie.com\/embed\/5qwAVmkL7hY?rel=0&amp;controls=0&amp;showinfo=0\" width=\"560\" height=\"315\" frameborder=\"0\" allowfullscreen=\"allowfullscreen\"><\/iframe><\/p>\n","protected":false},"excerpt":{"rendered":"<p>El mediocampista peruano, Cristian Benavente, asever\u00f3 que luchar\u00e1 por ser parte del plantel de jugadores que llevar\u00e1 el t\u00e9cnico Ricardo Gareca al Mundial de Rusia 2018. Charleroi, 22 Noviembre 2017, (ANDINA).- El mediocampista peruano, Cristian Benavente, asever\u00f3 que luchar\u00e1 por ser parte del plantel de jugadores que llevar\u00e1 el t\u00e9cnico Ricardo Gareca al Mundial de [&hellip;]<\/p>\n","protected":false},"author":1,"featured_media":18842,"comment_status":"open","ping_status":"open","sticky":false,"template":"","format":"standard","meta":{"rop_custom_images_group":[],"rop_custom_messages_group":[],"rop_publish_now":"initial","rop_publish_now_accounts":[],"rop_publish_now_history":[],"rop_publish_now_status":"pending","footnotes":""},"categories":[8],"tags":[879,92,137],"class_list":["post-18841","post","type-post","status-publish","format-standard","has-post-thumbnail","hentry","category-disciplinas-deportivas","tag-cristian-benavente","tag-ricardo-gareca","tag-seleccion-peruana"],"_links":{"self":[{"href":"https:\/\/elinformanteperu.com\/index.php\/wp-json\/wp\/v2\/posts\/18841","targetHints":{"allow":["GET"]}}],"collection":[{"href":"https:\/\/elinformanteperu.com\/index.php\/wp-json\/wp\/v2\/posts"}],"about":[{"href":"https:\/\/elinformanteperu.com\/index.php\/wp-json\/wp\/v2\/types\/post"}],"author":[{"embeddable":true,"href":"https:\/\/elinformanteperu.com\/index.php\/wp-json\/wp\/v2\/users\/1"}],"replies":[{"embeddable":true,"href":"https:\/\/elinformanteperu.com\/index.php\/wp-json\/wp\/v2\/comments?post=18841"}],"version-history":[{"count":2,"href":"https:\/\/elinformanteperu.com\/index.php\/wp-json\/wp\/v2\/posts\/18841\/revisions"}],"predecessor-version":[{"id":18844,"href":"https:\/\/elinformanteperu.com\/index.php\/wp-json\/wp\/v2\/posts\/18841\/revisions\/18844"}],"wp:featuredmedia":[{"embeddable":true,"href":"https:\/\/elinformanteperu.com\/index.php\/wp-json\/wp\/v2\/media\/18842"}],"wp:attachment":[{"href":"https:\/\/elinformanteperu.com\/index.php\/wp-json\/wp\/v2\/media?parent=18841"}],"wp:term":[{"taxonomy":"category","embeddable":true,"href":"https:\/\/elinformanteperu.com\/index.php\/wp-json\/wp\/v2\/categories?post=18841"},{"taxonomy":"post_tag","embeddable":true,"href":"https:\/\/elinformanteperu.com\/index.php\/wp-json\/wp\/v2\/tags?post=18841"}],"curies":[{"name":"wp","href":"https:\/\/api.w.org\/{rel}","templated":true}]}}