{"id":1883,"date":"2016-11-27T21:48:33","date_gmt":"2016-11-28T02:48:33","guid":{"rendered":"http:\/\/elinformanteperu.com\/?p=1883"},"modified":"2016-11-27T21:48:33","modified_gmt":"2016-11-28T02:48:33","slug":"municipio-de-lima-reparara-puente-del-paseo-de-la-republica-impactado-por-camion","status":"publish","type":"post","link":"https:\/\/elinformanteperu.com\/index.php\/2016\/11\/27\/municipio-de-lima-reparara-puente-del-paseo-de-la-republica-impactado-por-camion\/","title":{"rendered":"Municipio de Lima reparar\u00e1 puente del Paseo de la Rep\u00fablica impactado por cami\u00f3n"},"content":{"rendered":"<p style=\"text-align: justify;\"><strong>La Municipalidad de Lima reparar\u00e1 a partir de esta noche el puente peatonal Segura que se levanta sobre la V\u00eda Expresa del Paseo de la Rep\u00fablica.<\/strong><\/p>\n<p style=\"text-align: justify;\"><strong>Lima, 27 Noviembre 2016, (ANDINA).-<\/strong> La Municipalidad de Lima reparar\u00e1 a partir de esta noche el puente peatonal Segura que se levanta sobre la V\u00eda Expresa del Paseo de la Rep\u00fablica, cuya estructura fue da\u00f1ada esta madrugada por un cami\u00f3n que iba en el sentido de Barranco al centro de la ciudad capital.<\/p>\n<p style=\"text-align: justify;\">Tras conocer el incidente cometido por el veh\u00edculo pesado, estructuralistas de la gerencia de Puentes de la comuna metropolitana llegaron inmediatamente al lugar de los hechos e iniciaron las evaluaciones correspondientes.<\/p>\n<p style=\"text-align: justify;\">Los expertos determinaron que la estructura en menci\u00f3n fue \u201cdesplazada\u201d 6 cent\u00edmetros aproximadamente debido al violento impacto del cami\u00f3n que hab\u00eda superado el l\u00edmite de altura permitido vulnerando adem\u00e1s la prohibici\u00f3n de ingreso a dicha v\u00eda a camiones pesados y semipesados.<\/p>\n<p style=\"text-align: justify;\">Ante este hecho, el municipio capitalino present\u00f3 la denuncia correspondiente ante la comisar\u00eda de Lince. De acuerdo a esta y a la versi\u00f3n de algunos testigos, esta situaci\u00f3n ocurri\u00f3 cerca de las 04.20 horas de hoy domingo, en momentos en que un cami\u00f3n de semirremolque, de placa B7P-971, impact\u00f3 la estructura del puente.<\/p>\n<p>Por su parte, especialistas dispusieron la clausura temporal del acceso al puente peatonal que une a los distritos Lince y La Victoria, como medida de prevenci\u00f3n para los usuarios que usan dicha estructura.<\/p>\n<p>Determinaron tambi\u00e9n que esta noche, a partir de las 11 p.m. hasta las 5 a.m. del d\u00eda siguiente, se cerrar\u00e1 totalmente el tramo de la v\u00eda expresa, a la altura de la subida a la Av. Canad\u00e1 con direcci\u00f3n al centro de Lima, para empezar los trabajos de reparaci\u00f3n.<\/p>\n<p style=\"text-align: justify;\">Los veh\u00edculos se dirigir\u00e1n por la parte superior hasta la Av. M\u00e9xico para ingresar luego a la Av. Iquitos o a la Av. Manco C\u00e1pac.<\/p>\n<p style=\"text-align: justify;\">La operaci\u00f3n consistir\u00e1 en el \u201cgateo\u201d de la estructura (nivelaci\u00f3n) y en el resane de la parte afectada con el vaciado de un metro c\u00fabico de concreto.<\/p>\n<p style=\"text-align: justify;\">La Municipalidad de Lima record\u00f3 que los puentes vehiculares y peatonales que atraviesan la v\u00eda expresa del Paseo de la Rep\u00fablica tienen sus se\u00f1ales visibles en los accesos a esta autopista para veh\u00edculos livianos o menores, as\u00ed como de l\u00edmite de altura permitido, para prevenir justamente este tipo de accidentes.<\/p>\n","protected":false},"excerpt":{"rendered":"<p>La Municipalidad de Lima reparar\u00e1 a partir de esta noche el puente peatonal Segura que se levanta sobre la V\u00eda Expresa del Paseo de la Rep\u00fablica. Lima, 27 Noviembre 2016, (ANDINA).- La Municipalidad de Lima reparar\u00e1 a partir de esta noche el puente peatonal Segura que se levanta sobre la V\u00eda Expresa del Paseo de [&hellip;]<\/p>\n","protected":false},"author":1,"featured_media":1884,"comment_status":"open","ping_status":"open","sticky":false,"template":"","format":"standard","meta":{"rop_custom_images_group":[],"rop_custom_messages_group":[],"rop_publish_now":"initial","rop_publish_now_accounts":[],"rop_publish_now_history":[],"rop_publish_now_status":"pending","footnotes":""},"categories":[10],"tags":[122],"class_list":["post-1883","post","type-post","status-publish","format-standard","has-post-thumbnail","hentry","category-actualidad-municipal","tag-municipalidad-de-lima"],"_links":{"self":[{"href":"https:\/\/elinformanteperu.com\/index.php\/wp-json\/wp\/v2\/posts\/1883","targetHints":{"allow":["GET"]}}],"collection":[{"href":"https:\/\/elinformanteperu.com\/index.php\/wp-json\/wp\/v2\/posts"}],"about":[{"href":"https:\/\/elinformanteperu.com\/index.php\/wp-json\/wp\/v2\/types\/post"}],"author":[{"embeddable":true,"href":"https:\/\/elinformanteperu.com\/index.php\/wp-json\/wp\/v2\/users\/1"}],"replies":[{"embeddable":true,"href":"https:\/\/elinformanteperu.com\/index.php\/wp-json\/wp\/v2\/comments?post=1883"}],"version-history":[{"count":1,"href":"https:\/\/elinformanteperu.com\/index.php\/wp-json\/wp\/v2\/posts\/1883\/revisions"}],"predecessor-version":[{"id":1885,"href":"https:\/\/elinformanteperu.com\/index.php\/wp-json\/wp\/v2\/posts\/1883\/revisions\/1885"}],"wp:featuredmedia":[{"embeddable":true,"href":"https:\/\/elinformanteperu.com\/index.php\/wp-json\/wp\/v2\/media\/1884"}],"wp:attachment":[{"href":"https:\/\/elinformanteperu.com\/index.php\/wp-json\/wp\/v2\/media?parent=1883"}],"wp:term":[{"taxonomy":"category","embeddable":true,"href":"https:\/\/elinformanteperu.com\/index.php\/wp-json\/wp\/v2\/categories?post=1883"},{"taxonomy":"post_tag","embeddable":true,"href":"https:\/\/elinformanteperu.com\/index.php\/wp-json\/wp\/v2\/tags?post=1883"}],"curies":[{"name":"wp","href":"https:\/\/api.w.org\/{rel}","templated":true}]}}