{"id":18813,"date":"2017-11-21T22:47:59","date_gmt":"2017-11-22T03:47:59","guid":{"rendered":"http:\/\/elinformanteperu.com\/?p=18813"},"modified":"2017-11-21T22:47:59","modified_gmt":"2017-11-22T03:47:59","slug":"segunda-division-sport-boys-y-cesar-vallejo-jugaran-el-domingo-en-el-cusco","status":"publish","type":"post","link":"https:\/\/elinformanteperu.com\/index.php\/2017\/11\/21\/segunda-division-sport-boys-y-cesar-vallejo-jugaran-el-domingo-en-el-cusco\/","title":{"rendered":"Segunda Divisi\u00f3n: Sport Boys y C\u00e9sar Vallejo jugar\u00e1n el domingo en el Cusco"},"content":{"rendered":"<p><strong><span style=\"color: #000000;\">Tras emitirse la resoluci\u00f3n de la CJ-ADFP-SD, la ADFP-SD, decidi\u00f3 programar la definici\u00f3n del t\u00edtulo de la Segunda Profesional, el domingo 26 de noviembre.<\/span><\/strong><\/p>\n<p><span style=\"color: #000000;\"><strong>Lima, 21 Noviembre 2017, (ANDINA).-<\/strong> Tras emitirse la resoluci\u00f3n de la CJ-ADFP-SD, la ADFP-SD, decidi\u00f3 programar la definici\u00f3n del t\u00edtulo de la Segunda Profesional, el domingo 26 de noviembre, a las 14:45 horas, en el estadio Garcilaso de la Vega del Cusco.<\/span><\/p>\n<p><span style=\"color: #000000;\">La Comisi\u00f3n de Justicia de la ADFP-SD declar\u00f3 infundada la denuncia realizada por Sport Boys contra la Universidad C\u00e9sar Vallejo por los supuestos sobornos en la Segunda Divisi\u00f3n y pidi\u00f3 programar un cotejo \u00abextra\u00bb entre ambos clubes para definir al campe\u00f3n del torneo de ascenso<\/span><\/p>\n<p><span style=\"color: #000000;\">La Universidad C\u00e9sar Vallejo y Sport Boys terminaron el torneo de la Segunda Divisi\u00f3n igualados en puntaje y tras conocerse el fallo final por las denuncias de sobrono, la junta directiva programar\u00e1 un partido extra para definir al campe\u00f3n y al pr\u00f3ximo inquilino de la Primera Divisi\u00f3n.<\/span><\/p>\n<p><span style=\"color: #000000;\">El cotejo se disputar\u00e1 el domingo 26 de noviembre, a las 14:45 horas, en la ciudad de Cusco.<\/span><\/p>\n<p><img fetchpriority=\"high\" decoding=\"async\" class=\"aligncenter size-full wp-image-18815\" src=\"http:\/\/elinformanteperu.com\/wp-content\/uploads\/2017\/11\/sport-boys-cesar-vallejo1.png\" alt=\"\" width=\"720\" height=\"405\" srcset=\"https:\/\/elinformanteperu.com\/wp-content\/uploads\/2017\/11\/sport-boys-cesar-vallejo1.png 720w, https:\/\/elinformanteperu.com\/wp-content\/uploads\/2017\/11\/sport-boys-cesar-vallejo1-300x169.png 300w, https:\/\/elinformanteperu.com\/wp-content\/uploads\/2017\/11\/sport-boys-cesar-vallejo1-128x72.png 128w, https:\/\/elinformanteperu.com\/wp-content\/uploads\/2017\/11\/sport-boys-cesar-vallejo1-32x18.png 32w, https:\/\/elinformanteperu.com\/wp-content\/uploads\/2017\/11\/sport-boys-cesar-vallejo1-620x350.png 620w\" sizes=\"(max-width: 720px) 100vw, 720px\" \/><\/p>\n","protected":false},"excerpt":{"rendered":"<p>Tras emitirse la resoluci\u00f3n de la CJ-ADFP-SD, la ADFP-SD, decidi\u00f3 programar la definici\u00f3n del t\u00edtulo de la Segunda Profesional, el domingo 26 de noviembre. Lima, 21 Noviembre 2017, (ANDINA).- Tras emitirse la resoluci\u00f3n de la CJ-ADFP-SD, la ADFP-SD, decidi\u00f3 programar la definici\u00f3n del t\u00edtulo de la Segunda Profesional, el domingo 26 de noviembre, a las [&hellip;]<\/p>\n","protected":false},"author":1,"featured_media":18814,"comment_status":"open","ping_status":"open","sticky":false,"template":"","format":"standard","meta":{"rop_custom_images_group":[],"rop_custom_messages_group":[],"rop_publish_now":"initial","rop_publish_now_accounts":[],"rop_publish_now_history":[],"rop_publish_now_status":"pending","footnotes":""},"categories":[8],"tags":[236,2444,329],"class_list":["post-18813","post","type-post","status-publish","format-standard","has-post-thumbnail","hentry","category-disciplinas-deportivas","tag-cesar-vallejo","tag-segunda-division","tag-sport-boys"],"_links":{"self":[{"href":"https:\/\/elinformanteperu.com\/index.php\/wp-json\/wp\/v2\/posts\/18813","targetHints":{"allow":["GET"]}}],"collection":[{"href":"https:\/\/elinformanteperu.com\/index.php\/wp-json\/wp\/v2\/posts"}],"about":[{"href":"https:\/\/elinformanteperu.com\/index.php\/wp-json\/wp\/v2\/types\/post"}],"author":[{"embeddable":true,"href":"https:\/\/elinformanteperu.com\/index.php\/wp-json\/wp\/v2\/users\/1"}],"replies":[{"embeddable":true,"href":"https:\/\/elinformanteperu.com\/index.php\/wp-json\/wp\/v2\/comments?post=18813"}],"version-history":[{"count":1,"href":"https:\/\/elinformanteperu.com\/index.php\/wp-json\/wp\/v2\/posts\/18813\/revisions"}],"predecessor-version":[{"id":18816,"href":"https:\/\/elinformanteperu.com\/index.php\/wp-json\/wp\/v2\/posts\/18813\/revisions\/18816"}],"wp:featuredmedia":[{"embeddable":true,"href":"https:\/\/elinformanteperu.com\/index.php\/wp-json\/wp\/v2\/media\/18814"}],"wp:attachment":[{"href":"https:\/\/elinformanteperu.com\/index.php\/wp-json\/wp\/v2\/media?parent=18813"}],"wp:term":[{"taxonomy":"category","embeddable":true,"href":"https:\/\/elinformanteperu.com\/index.php\/wp-json\/wp\/v2\/categories?post=18813"},{"taxonomy":"post_tag","embeddable":true,"href":"https:\/\/elinformanteperu.com\/index.php\/wp-json\/wp\/v2\/tags?post=18813"}],"curies":[{"name":"wp","href":"https:\/\/api.w.org\/{rel}","templated":true}]}}