{"id":18807,"date":"2017-11-21T22:25:52","date_gmt":"2017-11-22T03:25:52","guid":{"rendered":"http:\/\/elinformanteperu.com\/?p=18807"},"modified":"2017-11-21T22:25:52","modified_gmt":"2017-11-22T03:25:52","slug":"la-molina-declara-vecino-ilustre-a-mundialista-aldo-corzo","status":"publish","type":"post","link":"https:\/\/elinformanteperu.com\/index.php\/2017\/11\/21\/la-molina-declara-vecino-ilustre-a-mundialista-aldo-corzo\/","title":{"rendered":"La Molina declara vecino ilustre a mundialista Aldo Corzo"},"content":{"rendered":"<p><strong><span style=\"color: #000000;\">En una ceremonia emotiva y llena de algarab\u00eda, la municipalidad de La Molina declar\u00f3 vecino ilustre del distrito al integrante de la selecci\u00f3n peruana de f\u00fatbol Aldo Corzo.<\/span><\/strong><\/p>\n<p><span style=\"color: #000000;\"><strong>Lima, 21 Noviembre 2017, (ANDINA).-<\/strong> En una ceremonia emotiva y llena de algarab\u00eda, la municipalidad de La Molina declar\u00f3 vecino ilustre del distrito al integrante de la selecci\u00f3n peruana de f\u00fatbol Aldo Corzo, por su destacada labor en la clasificaci\u00f3n de Per\u00fa al Mundial de Rusia 2018, despu\u00e9s de 36 a\u00f1os.<\/span><\/p>\n<p><span style=\"color: #000000;\">La distinci\u00f3n estuvo a cargo del alcalde, Juan Carlos Zurek, quien expres\u00f3 el orgullo que representa para la poblaci\u00f3n del distrito contar con un vecino que devolvi\u00f3 a todo el pa\u00eds la alegr\u00eda de ir a un nuevo mundial tras 36 a\u00f1os de ausencia.<\/span><\/p>\n<p><span style=\"color: #000000;\">\u201cPara nosotros es una alegr\u00eda inmensa contar con un vecino \u00eddolo nacional y ejemplo de muchos j\u00f3venes y ni\u00f1os. Por ello te nombramos vecino ilustre, por tu esfuerzo y destacada labor en los diferentes partidos\u201d, expres\u00f3 Zurek.<\/span><\/p>\n<p><span style=\"color: #000000;\">Por su parte, Corzo dedic\u00f3 este reconocimiento a su familia y mostr\u00f3 su gratitud a las autoridades y vecinos de La Molina por la distinci\u00f3n.<\/span><\/p>\n<p><span style=\"color: #000000;\">Cabe indicar que en la ceremonia, realizada la tarde de ayer lunes en el palacio municipal de La Molina, acudieron familiares del jugador reconocido, autoridades y vecinos de diversas zonas del distrito.<\/span><\/p>\n<p><iframe src=\"https:\/\/www.youtube-nocookie.com\/embed\/JcAw_knuoa8?rel=0&amp;controls=0&amp;showinfo=0\" width=\"560\" height=\"315\" frameborder=\"0\" allowfullscreen=\"allowfullscreen\"><\/iframe><\/p>\n","protected":false},"excerpt":{"rendered":"<p>En una ceremonia emotiva y llena de algarab\u00eda, la municipalidad de La Molina declar\u00f3 vecino ilustre del distrito al integrante de la selecci\u00f3n peruana de f\u00fatbol Aldo Corzo. Lima, 21 Noviembre 2017, (ANDINA).- En una ceremonia emotiva y llena de algarab\u00eda, la municipalidad de La Molina declar\u00f3 vecino ilustre del distrito al integrante de la [&hellip;]<\/p>\n","protected":false},"author":1,"featured_media":18808,"comment_status":"open","ping_status":"open","sticky":false,"template":"","format":"standard","meta":{"rop_custom_images_group":[],"rop_custom_messages_group":[],"rop_publish_now":"initial","rop_publish_now_accounts":[],"rop_publish_now_history":[],"rop_publish_now_status":"pending","footnotes":""},"categories":[10],"tags":[1261,1535,965,137],"class_list":["post-18807","post","type-post","status-publish","format-standard","has-post-thumbnail","hentry","category-actualidad-municipal","tag-aldo-corzo","tag-juan-carlos-zurek","tag-municipalidad-de-la-molina","tag-seleccion-peruana"],"_links":{"self":[{"href":"https:\/\/elinformanteperu.com\/index.php\/wp-json\/wp\/v2\/posts\/18807","targetHints":{"allow":["GET"]}}],"collection":[{"href":"https:\/\/elinformanteperu.com\/index.php\/wp-json\/wp\/v2\/posts"}],"about":[{"href":"https:\/\/elinformanteperu.com\/index.php\/wp-json\/wp\/v2\/types\/post"}],"author":[{"embeddable":true,"href":"https:\/\/elinformanteperu.com\/index.php\/wp-json\/wp\/v2\/users\/1"}],"replies":[{"embeddable":true,"href":"https:\/\/elinformanteperu.com\/index.php\/wp-json\/wp\/v2\/comments?post=18807"}],"version-history":[{"count":1,"href":"https:\/\/elinformanteperu.com\/index.php\/wp-json\/wp\/v2\/posts\/18807\/revisions"}],"predecessor-version":[{"id":18809,"href":"https:\/\/elinformanteperu.com\/index.php\/wp-json\/wp\/v2\/posts\/18807\/revisions\/18809"}],"wp:featuredmedia":[{"embeddable":true,"href":"https:\/\/elinformanteperu.com\/index.php\/wp-json\/wp\/v2\/media\/18808"}],"wp:attachment":[{"href":"https:\/\/elinformanteperu.com\/index.php\/wp-json\/wp\/v2\/media?parent=18807"}],"wp:term":[{"taxonomy":"category","embeddable":true,"href":"https:\/\/elinformanteperu.com\/index.php\/wp-json\/wp\/v2\/categories?post=18807"},{"taxonomy":"post_tag","embeddable":true,"href":"https:\/\/elinformanteperu.com\/index.php\/wp-json\/wp\/v2\/tags?post=18807"}],"curies":[{"name":"wp","href":"https:\/\/api.w.org\/{rel}","templated":true}]}}