{"id":18652,"date":"2017-11-16T01:56:18","date_gmt":"2017-11-16T06:56:18","guid":{"rendered":"http:\/\/elinformanteperu.com\/?p=18652"},"modified":"2017-11-16T01:56:18","modified_gmt":"2017-11-16T06:56:18","slug":"farfan-marco-el-primer-gol-y-se-lo-dedico-llorando-a-guerrero","status":"publish","type":"post","link":"https:\/\/elinformanteperu.com\/index.php\/2017\/11\/16\/farfan-marco-el-primer-gol-y-se-lo-dedico-llorando-a-guerrero\/","title":{"rendered":"Farf\u00e1n: marc\u00f3 el primer gol y se lo dedic\u00f3 llorando a Guerrero"},"content":{"rendered":"<p><span style=\"color: #000000;\"><strong>El delantero Jefferson Farf\u00e1n marc\u00f3 el primer gol en el Estadio Nacional y desat\u00f3 la locura en todo el pa\u00eds, porque abri\u00f3 la ventaja a favor de Per\u00fa sobre su rival.<\/strong><\/span><\/p>\n<p><span style=\"color: #000000;\"><strong>Lima, 15 Noviembre 2017, (ANDINA).-<\/strong> El delantero Jefferson Farf\u00e1n marc\u00f3 el primer gol en el Estadio Nacional y desat\u00f3 la locura en todo el pa\u00eds, porque abri\u00f3 la ventaja a favor de Per\u00fa sobre su rival Nueva Zelanda y lo acerca m\u00e1s al Mundial Rusia 2018.<\/span><\/p>\n<p><span style=\"color: #000000;\">Farf\u00e1n festej\u00f3 con gran emoci\u00f3n y dedic\u00f3 con l\u00e1grimas el gol al capit\u00e1n hist\u00f3rico de la selecci\u00f3n, Paolo Guerrero. Tom\u00f3 la camiseta n\u00famero 9 que identifica a Guerrero y la puso, por un momento, sobre su cabeza, mientras celebraba el tanto anotado.<\/span><\/p>\n<p><span style=\"color: #000000;\">La selecci\u00f3n peruana de f\u00fatbol vence 1-0 a Nueva Zelanda, en un Estadio Nacional de Lima que luce repleto de hinchas que vibran con el partido de vuelta del repechaje que definir\u00e1 al \u00faltimo equipo clasificado al Mundial de Rusia 2018.<\/span><\/p>\n<p><iframe src=\"https:\/\/www.youtube-nocookie.com\/embed\/8HOfZtmVYDM?rel=0&amp;controls=0&amp;showinfo=0\" width=\"560\" height=\"315\" frameborder=\"0\" allowfullscreen=\"allowfullscreen\"><\/iframe><\/p>\n","protected":false},"excerpt":{"rendered":"<p>El delantero Jefferson Farf\u00e1n marc\u00f3 el primer gol en el Estadio Nacional y desat\u00f3 la locura en todo el pa\u00eds, porque abri\u00f3 la ventaja a favor de Per\u00fa sobre su rival. Lima, 15 Noviembre 2017, (ANDINA).- El delantero Jefferson Farf\u00e1n marc\u00f3 el primer gol en el Estadio Nacional y desat\u00f3 la locura en todo el [&hellip;]<\/p>\n","protected":false},"author":1,"featured_media":18653,"comment_status":"open","ping_status":"open","sticky":false,"template":"","format":"standard","meta":{"rop_custom_images_group":[],"rop_custom_messages_group":[],"rop_publish_now":"initial","rop_publish_now_accounts":[],"rop_publish_now_history":[],"rop_publish_now_status":"pending","footnotes":""},"categories":[8],"tags":[2249,137],"class_list":["post-18652","post","type-post","status-publish","format-standard","has-post-thumbnail","hentry","category-disciplinas-deportivas","tag-repechaje-peru-nueva-zelanda","tag-seleccion-peruana"],"_links":{"self":[{"href":"https:\/\/elinformanteperu.com\/index.php\/wp-json\/wp\/v2\/posts\/18652","targetHints":{"allow":["GET"]}}],"collection":[{"href":"https:\/\/elinformanteperu.com\/index.php\/wp-json\/wp\/v2\/posts"}],"about":[{"href":"https:\/\/elinformanteperu.com\/index.php\/wp-json\/wp\/v2\/types\/post"}],"author":[{"embeddable":true,"href":"https:\/\/elinformanteperu.com\/index.php\/wp-json\/wp\/v2\/users\/1"}],"replies":[{"embeddable":true,"href":"https:\/\/elinformanteperu.com\/index.php\/wp-json\/wp\/v2\/comments?post=18652"}],"version-history":[{"count":1,"href":"https:\/\/elinformanteperu.com\/index.php\/wp-json\/wp\/v2\/posts\/18652\/revisions"}],"predecessor-version":[{"id":18654,"href":"https:\/\/elinformanteperu.com\/index.php\/wp-json\/wp\/v2\/posts\/18652\/revisions\/18654"}],"wp:featuredmedia":[{"embeddable":true,"href":"https:\/\/elinformanteperu.com\/index.php\/wp-json\/wp\/v2\/media\/18653"}],"wp:attachment":[{"href":"https:\/\/elinformanteperu.com\/index.php\/wp-json\/wp\/v2\/media?parent=18652"}],"wp:term":[{"taxonomy":"category","embeddable":true,"href":"https:\/\/elinformanteperu.com\/index.php\/wp-json\/wp\/v2\/categories?post=18652"},{"taxonomy":"post_tag","embeddable":true,"href":"https:\/\/elinformanteperu.com\/index.php\/wp-json\/wp\/v2\/tags?post=18652"}],"curies":[{"name":"wp","href":"https:\/\/api.w.org\/{rel}","templated":true}]}}