{"id":18645,"date":"2017-11-16T01:35:18","date_gmt":"2017-11-16T06:35:18","guid":{"rendered":"http:\/\/elinformanteperu.com\/?p=18645"},"modified":"2017-11-16T01:35:18","modified_gmt":"2017-11-16T06:35:18","slug":"paolo-guerrero-seleccion-peruana-le-brinda-un-homenaje","status":"publish","type":"post","link":"https:\/\/elinformanteperu.com\/index.php\/2017\/11\/16\/paolo-guerrero-seleccion-peruana-le-brinda-un-homenaje\/","title":{"rendered":"Paolo Guerrero: Selecci\u00f3n peruana le brinda un homenaje"},"content":{"rendered":"<p><strong><span style=\"color: #000000;\">Los arqueros y jugadores de la selecci\u00f3n peruana salieron al gramado del c\u00e9sped del Estadio Nacional con un polo con el rostro de Paolo Guerrero.<\/span><\/strong><\/p>\n<p><span style=\"color: #000000;\"><strong>Lima, 15 Noviembre 2017, (ANDINA).-<\/strong> Los arqueros y jugadores de la selecci\u00f3n peruana salieron al gramado del c\u00e9sped del Estadio Nacional con un polo con el rostro de Paolo Guerrero en homenaje al hist\u00f3rico capit\u00e1n del equipo de f\u00fatbol.<\/span><\/p>\n<p><span style=\"color: #000000;\">Primero salieron los porteros de la selecci\u00f3n peruana Pedro Gallese, Carlos C\u00e1ceda y Jos\u00e9 Carvallo, luego, los dem\u00e1s juradores.<\/span><\/p>\n<p><span style=\"color: #000000;\">En el polo de cada uno de los jugadores dec\u00eda: \u00abFuerza Paolo\u00bb. El mensaje era acompa\u00f1ado con el rostro del &#8216;Depredador&#8217; y el n\u00famero nueve en la espalda.<\/span><\/p>\n<p><span style=\"color: #000000;\">El delantero Paolo Guerrero fue suspendido temporalmente por treinta d\u00edas por un resultado anal\u00edtico adverso. Con este gesto, los jugadores de la selecci\u00f3n peruana le brindaron su apoyo.<\/span><\/p>\n<p><img fetchpriority=\"high\" decoding=\"async\" class=\"aligncenter size-full wp-image-18647\" src=\"http:\/\/elinformanteperu.com\/wp-content\/uploads\/2017\/11\/seleecion-paolo.jpg\" alt=\"\" width=\"1800\" height=\"1200\" srcset=\"https:\/\/elinformanteperu.com\/wp-content\/uploads\/2017\/11\/seleecion-paolo.jpg 1800w, https:\/\/elinformanteperu.com\/wp-content\/uploads\/2017\/11\/seleecion-paolo-300x200.jpg 300w, https:\/\/elinformanteperu.com\/wp-content\/uploads\/2017\/11\/seleecion-paolo-768x512.jpg 768w, https:\/\/elinformanteperu.com\/wp-content\/uploads\/2017\/11\/seleecion-paolo-1024x683.jpg 1024w, https:\/\/elinformanteperu.com\/wp-content\/uploads\/2017\/11\/seleecion-paolo-128x85.jpg 128w, https:\/\/elinformanteperu.com\/wp-content\/uploads\/2017\/11\/seleecion-paolo-32x21.jpg 32w\" sizes=\"(max-width: 1800px) 100vw, 1800px\" \/><\/p>\n","protected":false},"excerpt":{"rendered":"<p>Los arqueros y jugadores de la selecci\u00f3n peruana salieron al gramado del c\u00e9sped del Estadio Nacional con un polo con el rostro de Paolo Guerrero. Lima, 15 Noviembre 2017, (ANDINA).- Los arqueros y jugadores de la selecci\u00f3n peruana salieron al gramado del c\u00e9sped del Estadio Nacional con un polo con el rostro de Paolo Guerrero [&hellip;]<\/p>\n","protected":false},"author":1,"featured_media":18646,"comment_status":"open","ping_status":"open","sticky":false,"template":"","format":"standard","meta":{"rop_custom_images_group":[],"rop_custom_messages_group":[],"rop_publish_now":"initial","rop_publish_now_accounts":[],"rop_publish_now_history":[],"rop_publish_now_status":"pending","footnotes":""},"categories":[8],"tags":[2249,137],"class_list":["post-18645","post","type-post","status-publish","format-standard","has-post-thumbnail","hentry","category-disciplinas-deportivas","tag-repechaje-peru-nueva-zelanda","tag-seleccion-peruana"],"_links":{"self":[{"href":"https:\/\/elinformanteperu.com\/index.php\/wp-json\/wp\/v2\/posts\/18645","targetHints":{"allow":["GET"]}}],"collection":[{"href":"https:\/\/elinformanteperu.com\/index.php\/wp-json\/wp\/v2\/posts"}],"about":[{"href":"https:\/\/elinformanteperu.com\/index.php\/wp-json\/wp\/v2\/types\/post"}],"author":[{"embeddable":true,"href":"https:\/\/elinformanteperu.com\/index.php\/wp-json\/wp\/v2\/users\/1"}],"replies":[{"embeddable":true,"href":"https:\/\/elinformanteperu.com\/index.php\/wp-json\/wp\/v2\/comments?post=18645"}],"version-history":[{"count":1,"href":"https:\/\/elinformanteperu.com\/index.php\/wp-json\/wp\/v2\/posts\/18645\/revisions"}],"predecessor-version":[{"id":18648,"href":"https:\/\/elinformanteperu.com\/index.php\/wp-json\/wp\/v2\/posts\/18645\/revisions\/18648"}],"wp:featuredmedia":[{"embeddable":true,"href":"https:\/\/elinformanteperu.com\/index.php\/wp-json\/wp\/v2\/media\/18646"}],"wp:attachment":[{"href":"https:\/\/elinformanteperu.com\/index.php\/wp-json\/wp\/v2\/media?parent=18645"}],"wp:term":[{"taxonomy":"category","embeddable":true,"href":"https:\/\/elinformanteperu.com\/index.php\/wp-json\/wp\/v2\/categories?post=18645"},{"taxonomy":"post_tag","embeddable":true,"href":"https:\/\/elinformanteperu.com\/index.php\/wp-json\/wp\/v2\/tags?post=18645"}],"curies":[{"name":"wp","href":"https:\/\/api.w.org\/{rel}","templated":true}]}}