{"id":18642,"date":"2017-11-16T01:31:30","date_gmt":"2017-11-16T06:31:30","guid":{"rendered":"http:\/\/elinformanteperu.com\/?p=18642"},"modified":"2017-11-16T01:31:30","modified_gmt":"2017-11-16T06:31:30","slug":"fenomeno-la-nina-costera-podria-presentarse-este-verano","status":"publish","type":"post","link":"https:\/\/elinformanteperu.com\/index.php\/2017\/11\/16\/fenomeno-la-nina-costera-podria-presentarse-este-verano\/","title":{"rendered":"Fen\u00f3meno La Ni\u00f1a costera podr\u00eda presentarse este verano"},"content":{"rendered":"<p><strong><span style=\"color: #000000;\">Existen algunas posibilidades de que el pr\u00f3ximo verano se presente en la costa de nuestro pa\u00eds el fen\u00f3meno La Ni\u00f1a costera, que implicar\u00eda lluvias m\u00e1s acentuadas en la zona andina y en la amazonia.<\/span><\/strong><\/p>\n<p><span style=\"color: #000000;\"><strong>Lima, 15 Noviembre 2017, (ANDINA).-<\/strong> Existen algunas posibilidades de que el pr\u00f3ximo verano se presente en la costa de nuestro pa\u00eds el fen\u00f3meno La Ni\u00f1a costera, que implicar\u00eda lluvias m\u00e1s acentuadas en la zona andina y en la amazonia.<\/span><\/p>\n<p><span style=\"color: #000000;\">La Comisi\u00f3n Multisectorial del Estudio Nacional del Fen\u00f3meno El Ni\u00f1o (ENFEN) inform\u00f3 que debido a que el mar peruano presenta tendencia a condiciones fr\u00edas d\u00e9biles en lo que resta del a\u00f1o, no se descarta la posibilidad de una Ni\u00f1a costera.<\/span><\/p>\n<p><span style=\"color: #000000;\">Grinia \u00c1valos, coordinadora t\u00e9cnica del ENFEN, dijo a la Agencia Andina que si bien las condiciones del mar son neutras (72 %), se decidi\u00f3 pasar de la alarma inactiva a la de \u00abvigilancia de la Ni\u00f1a Costera\u00bb, debido a que el mar fr\u00edo se ha mantenido en las \u00faltimas semanas.<\/span><\/p>\n<p><span style=\"color: #000000;\">Indic\u00f3 que en el Pac\u00edfico Central Ecuatorial ya est\u00e1 pr\u00e1cticamente configurado un evento fr\u00edo y este podr\u00eda ocurrir en el Pac\u00edfico Oriental, es decir en las costas de Sudam\u00e9rica, incluyendo al Per\u00fa.<\/span><\/p>\n<p><span style=\"color: #000000;\">Las caracter\u00edsticas de una Ni\u00f1a costera &#8211; opuesto al Ni\u00f1o costero &#8211; son un mar fr\u00edo, con lluvias intensificadas hacia el sur andino y hacia la selva.<\/span><\/p>\n<p><span style=\"color: #000000;\">Agreg\u00f3 que el Enfen, ahora en estado de vigilancia, se reunir\u00e1 cada 15 d\u00edas para seguir monitoreando la situaci\u00f3n del mar.<\/span><\/p>\n<p><span style=\"color: #000000;\">De acuerdo a un cuadro elaborado por el Enfen, existe un 72 % de posibilidades de que se mantengan las condiciones neutras en el mar peruano; un 22 % de que se presente una Ni\u00f1a d\u00e9bil; un 4 % de un Ni\u00f1o d\u00e9bil y un 1 % de un Ni\u00f1o moderado, fuerte y extraordinario.<\/span><\/p>\n","protected":false},"excerpt":{"rendered":"<p>Existen algunas posibilidades de que el pr\u00f3ximo verano se presente en la costa de nuestro pa\u00eds el fen\u00f3meno La Ni\u00f1a costera, que implicar\u00eda lluvias m\u00e1s acentuadas en la zona andina y en la amazonia. Lima, 15 Noviembre 2017, (ANDINA).- Existen algunas posibilidades de que el pr\u00f3ximo verano se presente en la costa de nuestro pa\u00eds [&hellip;]<\/p>\n","protected":false},"author":1,"featured_media":18643,"comment_status":"open","ping_status":"open","sticky":false,"template":"","format":"standard","meta":{"rop_custom_images_group":[],"rop_custom_messages_group":[],"rop_publish_now":"initial","rop_publish_now_accounts":[],"rop_publish_now_history":[],"rop_publish_now_status":"pending","footnotes":""},"categories":[10],"tags":[843,148],"class_list":["post-18642","post","type-post","status-publish","format-standard","has-post-thumbnail","hentry","category-actualidad-municipal","tag-coen","tag-indeci"],"_links":{"self":[{"href":"https:\/\/elinformanteperu.com\/index.php\/wp-json\/wp\/v2\/posts\/18642","targetHints":{"allow":["GET"]}}],"collection":[{"href":"https:\/\/elinformanteperu.com\/index.php\/wp-json\/wp\/v2\/posts"}],"about":[{"href":"https:\/\/elinformanteperu.com\/index.php\/wp-json\/wp\/v2\/types\/post"}],"author":[{"embeddable":true,"href":"https:\/\/elinformanteperu.com\/index.php\/wp-json\/wp\/v2\/users\/1"}],"replies":[{"embeddable":true,"href":"https:\/\/elinformanteperu.com\/index.php\/wp-json\/wp\/v2\/comments?post=18642"}],"version-history":[{"count":1,"href":"https:\/\/elinformanteperu.com\/index.php\/wp-json\/wp\/v2\/posts\/18642\/revisions"}],"predecessor-version":[{"id":18644,"href":"https:\/\/elinformanteperu.com\/index.php\/wp-json\/wp\/v2\/posts\/18642\/revisions\/18644"}],"wp:featuredmedia":[{"embeddable":true,"href":"https:\/\/elinformanteperu.com\/index.php\/wp-json\/wp\/v2\/media\/18643"}],"wp:attachment":[{"href":"https:\/\/elinformanteperu.com\/index.php\/wp-json\/wp\/v2\/media?parent=18642"}],"wp:term":[{"taxonomy":"category","embeddable":true,"href":"https:\/\/elinformanteperu.com\/index.php\/wp-json\/wp\/v2\/categories?post=18642"},{"taxonomy":"post_tag","embeddable":true,"href":"https:\/\/elinformanteperu.com\/index.php\/wp-json\/wp\/v2\/tags?post=18642"}],"curies":[{"name":"wp","href":"https:\/\/api.w.org\/{rel}","templated":true}]}}