{"id":18636,"date":"2017-11-15T22:03:37","date_gmt":"2017-11-16T03:03:37","guid":{"rendered":"http:\/\/elinformanteperu.com\/?p=18636"},"modified":"2017-11-15T22:03:37","modified_gmt":"2017-11-16T03:03:37","slug":"tacna-soporto-las-lloviznas-mas-intensas-de-los-ultimos-10-anos","status":"publish","type":"post","link":"https:\/\/elinformanteperu.com\/index.php\/2017\/11\/15\/tacna-soporto-las-lloviznas-mas-intensas-de-los-ultimos-10-anos\/","title":{"rendered":"Tacna soport\u00f3 las lloviznas m\u00e1s intensas de los \u00faltimos 10 a\u00f1os"},"content":{"rendered":"<p><strong><span style=\"color: #000000;\">La ciudad de Tacna soport\u00f3 anoche las lloviznas m\u00e1s intensas registradas en la \u00faltima d\u00e9cada, inform\u00f3 la Direcci\u00f3n Zonal 7 del\u00a0 Senamhi.<\/span><\/strong><\/p>\n<p><span style=\"color: #000000;\"><strong>Lima, 15 Noviembre 2017, (ANDINA).-<\/strong> La ciudad de Tacna soport\u00f3 anoche las lloviznas m\u00e1s intensas registradas en la \u00faltima d\u00e9cada, inform\u00f3 la Direcci\u00f3n Zonal 7 del Servicio Nacional de Meteorolog\u00eda e Hidrolog\u00eda (Senamhi).<\/span><\/p>\n<p><span style=\"color: #000000;\">Seg\u00fan los datos recopilados por la estaci\u00f3n meteorol\u00f3gica Jorge Basadre, ubicada en la Ciudad Heroica, las precipitaciones acumularon 5.1 mil\u00edmetros en 24 horas; siendo uno de los valores m\u00e1s altos registrados hist\u00f3ricamente para el mes de noviembre.<\/span><\/p>\n<p><span style=\"color: #000000;\">De igual modo, la estaci\u00f3n Calana registr\u00f3 un acumulado de 2 milimetros; en Sama Grande, 1.7 mil\u00edmetros; La Yarada, 0.6 mil\u00edmetros y la estaci\u00f3n Ite, un valor de 2.2 mil\u00edmetros.<\/span><\/p>\n<p><span style=\"color: #000000;\">Las precipitaciones, que se iniciaron la noche del 14 de noviembre, presentaron intensidades variables y abarcaron gran parte de la zona costera del departamento. Asimismo, en el litoral costero de Moquegua se present\u00f3 neblina densa, fen\u00f3meno que favoreci\u00f3 la reducci\u00f3n de la visibilidad.<\/span><\/p>\n<p><span style=\"color: #000000;\">\u00abEstas lloviznas inusuales para la temporada obedecen a una intensificaci\u00f3n del sistema atmosf\u00e9rico denominado Anticicl\u00f3n del Pacifico Sur, el cual favoreci\u00f3 que flujos de viento del sur trasladen humedad de latitudes altas hacia lo largo de la costa del territorio nacional\u00bb, explic\u00f3 la Edualda Medina Ch\u00e1vez, Directora Zonal 7.<\/span><\/p>\n<p><span style=\"color: #000000;\">Pronostic\u00f3 que las condiciones de cielo cubierto y lloviznas continuar\u00e1n hasta el fin de semana, principalmente en la noche y primeras horas de la ma\u00f1ana. De igual modo, se prev\u00e9 un ligero incremento de la velocidad del viento en el litoral costero.<\/span><\/p>\n<p>&nbsp;<\/p>\n","protected":false},"excerpt":{"rendered":"<p>La ciudad de Tacna soport\u00f3 anoche las lloviznas m\u00e1s intensas registradas en la \u00faltima d\u00e9cada, inform\u00f3 la Direcci\u00f3n Zonal 7 del\u00a0 Senamhi. Lima, 15 Noviembre 2017, (ANDINA).- La ciudad de Tacna soport\u00f3 anoche las lloviznas m\u00e1s intensas registradas en la \u00faltima d\u00e9cada, inform\u00f3 la Direcci\u00f3n Zonal 7 del Servicio Nacional de Meteorolog\u00eda e Hidrolog\u00eda (Senamhi). [&hellip;]<\/p>\n","protected":false},"author":1,"featured_media":18637,"comment_status":"open","ping_status":"open","sticky":false,"template":"","format":"standard","meta":{"rop_custom_images_group":[],"rop_custom_messages_group":[],"rop_publish_now":"initial","rop_publish_now_accounts":[],"rop_publish_now_history":[],"rop_publish_now_status":"pending","footnotes":""},"categories":[10],"tags":[1351,514],"class_list":["post-18636","post","type-post","status-publish","format-standard","has-post-thumbnail","hentry","category-actualidad-municipal","tag-region-tacna","tag-senamhi"],"_links":{"self":[{"href":"https:\/\/elinformanteperu.com\/index.php\/wp-json\/wp\/v2\/posts\/18636","targetHints":{"allow":["GET"]}}],"collection":[{"href":"https:\/\/elinformanteperu.com\/index.php\/wp-json\/wp\/v2\/posts"}],"about":[{"href":"https:\/\/elinformanteperu.com\/index.php\/wp-json\/wp\/v2\/types\/post"}],"author":[{"embeddable":true,"href":"https:\/\/elinformanteperu.com\/index.php\/wp-json\/wp\/v2\/users\/1"}],"replies":[{"embeddable":true,"href":"https:\/\/elinformanteperu.com\/index.php\/wp-json\/wp\/v2\/comments?post=18636"}],"version-history":[{"count":1,"href":"https:\/\/elinformanteperu.com\/index.php\/wp-json\/wp\/v2\/posts\/18636\/revisions"}],"predecessor-version":[{"id":18638,"href":"https:\/\/elinformanteperu.com\/index.php\/wp-json\/wp\/v2\/posts\/18636\/revisions\/18638"}],"wp:featuredmedia":[{"embeddable":true,"href":"https:\/\/elinformanteperu.com\/index.php\/wp-json\/wp\/v2\/media\/18637"}],"wp:attachment":[{"href":"https:\/\/elinformanteperu.com\/index.php\/wp-json\/wp\/v2\/media?parent=18636"}],"wp:term":[{"taxonomy":"category","embeddable":true,"href":"https:\/\/elinformanteperu.com\/index.php\/wp-json\/wp\/v2\/categories?post=18636"},{"taxonomy":"post_tag","embeddable":true,"href":"https:\/\/elinformanteperu.com\/index.php\/wp-json\/wp\/v2\/tags?post=18636"}],"curies":[{"name":"wp","href":"https:\/\/api.w.org\/{rel}","templated":true}]}}