{"id":18624,"date":"2017-11-15T20:54:39","date_gmt":"2017-11-16T01:54:39","guid":{"rendered":"http:\/\/elinformanteperu.com\/?p=18624"},"modified":"2017-11-15T20:54:39","modified_gmt":"2017-11-16T01:54:39","slug":"seleccion-peruana-en-su-ultimo-entrenamiento-antes-de-partido-con-nueva-zelanda","status":"publish","type":"post","link":"https:\/\/elinformanteperu.com\/index.php\/2017\/11\/15\/seleccion-peruana-en-su-ultimo-entrenamiento-antes-de-partido-con-nueva-zelanda\/","title":{"rendered":"Selecci\u00f3n peruana en su \u00faltimo entrenamiento antes de partido con Nueva Zelanda"},"content":{"rendered":"<p><strong><span style=\"color: #000000;\">La selecci\u00f3n de f\u00fatbol de Per\u00fa acudi\u00f3 a su \u00faltimo entrenamiento dirigida por el argentino Ricardo Gareca, horas antes del partido frente a Nueva Zelanda.<\/span><\/strong><\/p>\n<p><span style=\"color: #000000;\"><strong>Lima, 15 Noviembre 2017, (ANDINA).-<\/strong> La selecci\u00f3n de f\u00fatbol de Per\u00fa acudi\u00f3 a su \u00faltimo entrenamiento dirigida por el argentino Ricardo Gareca, horas antes del partido frente a Nueva Zelanda, que definir\u00e1 al \u00faltimo clasificado para el Mundial Rusia 2018.<\/span><\/p>\n<p><span style=\"color: #000000;\">Los jugadores abordaron un bus desde el hotel de la concentraci\u00f3n, en el distrito de San Isidro, hasta la Villa<\/span><br \/>\n<span style=\"color: #000000;\">Deportiva Nacional (Videna), donde tendr\u00e1n un \u00faltimo ensayo del esquema que utilizar\u00e1 Gareca en el Estadio Nacional.<\/span><\/p>\n<p><span style=\"color: #000000;\">Decenas de personas esperaban a los jugadores en la puerta del hotel y los saludaron con algarab\u00eda para tomarles fotos y verlos de cerca.<\/span><\/p>\n<p><span style=\"color: #000000;\">El goleador de la selecci\u00f3n peruana Paolo Guerrero, suspendido por la FIFA por un supuesto dopaje, colg\u00f3 una fotograf\u00eda de sus compa\u00f1eros abrazados con el mensaje: \u00abA un paso de cumplir nuestro sue\u00f1o. Arriba Per\u00fa\u00bb.<\/span><\/p>\n<p><span style=\"color: #000000;\">Un grupo de entusiastas ha elaborado una enorme camiseta de la selecci\u00f3n peruana para que los hinchas la firmen en los exteriores del campo de entrenamiento, en la Plaza de Armas y en el parque de la Muralla y pueda ser extendida en el estadio.<\/span><\/p>\n<p><span style=\"color: #000000;\">Las calles de Lima est\u00e1n plagadas de hinchas vestidos con la camiseta blanquirroja para ir a trabajar y a las escuelas,<\/span><br \/>\n<span style=\"color: #000000;\">ilusionados en que el equipo gane su clasificaci\u00f3n al Mundial y puedan gozar ma\u00f1ana de un feriado no laborable, tal como prometi\u00f3 el gobierno.<\/span><\/p>\n<p><span style=\"color: #000000;\">El compromiso de vuelta de la repesca mundialista entre Per\u00fa y Nueva Zelanda se disputa a partir de las 21.15 horas (02.15 GMT del jueves) en el Estadio Nacional de Lima.<\/span><\/p>\n<p><img fetchpriority=\"high\" decoding=\"async\" class=\"aligncenter size-full wp-image-18626\" src=\"http:\/\/elinformanteperu.com\/wp-content\/uploads\/2017\/11\/seleccion-entrenamiento-repechaje1.jpeg\" alt=\"\" width=\"1214\" height=\"697\" srcset=\"https:\/\/elinformanteperu.com\/wp-content\/uploads\/2017\/11\/seleccion-entrenamiento-repechaje1.jpeg 1214w, https:\/\/elinformanteperu.com\/wp-content\/uploads\/2017\/11\/seleccion-entrenamiento-repechaje1-300x172.jpeg 300w, https:\/\/elinformanteperu.com\/wp-content\/uploads\/2017\/11\/seleccion-entrenamiento-repechaje1-768x441.jpeg 768w, https:\/\/elinformanteperu.com\/wp-content\/uploads\/2017\/11\/seleccion-entrenamiento-repechaje1-1024x588.jpeg 1024w, https:\/\/elinformanteperu.com\/wp-content\/uploads\/2017\/11\/seleccion-entrenamiento-repechaje1-128x73.jpeg 128w, https:\/\/elinformanteperu.com\/wp-content\/uploads\/2017\/11\/seleccion-entrenamiento-repechaje1-32x18.jpeg 32w\" sizes=\"(max-width: 1214px) 100vw, 1214px\" \/><\/p>\n","protected":false},"excerpt":{"rendered":"<p>La selecci\u00f3n de f\u00fatbol de Per\u00fa acudi\u00f3 a su \u00faltimo entrenamiento dirigida por el argentino Ricardo Gareca, horas antes del partido frente a Nueva Zelanda. Lima, 15 Noviembre 2017, (ANDINA).- La selecci\u00f3n de f\u00fatbol de Per\u00fa acudi\u00f3 a su \u00faltimo entrenamiento dirigida por el argentino Ricardo Gareca, horas antes del partido frente a Nueva Zelanda, [&hellip;]<\/p>\n","protected":false},"author":1,"featured_media":18625,"comment_status":"open","ping_status":"open","sticky":false,"template":"","format":"standard","meta":{"rop_custom_images_group":[],"rop_custom_messages_group":[],"rop_publish_now":"initial","rop_publish_now_accounts":[],"rop_publish_now_history":[],"rop_publish_now_status":"pending","footnotes":""},"categories":[8],"tags":[2249,137],"class_list":["post-18624","post","type-post","status-publish","format-standard","has-post-thumbnail","hentry","category-disciplinas-deportivas","tag-repechaje-peru-nueva-zelanda","tag-seleccion-peruana"],"_links":{"self":[{"href":"https:\/\/elinformanteperu.com\/index.php\/wp-json\/wp\/v2\/posts\/18624","targetHints":{"allow":["GET"]}}],"collection":[{"href":"https:\/\/elinformanteperu.com\/index.php\/wp-json\/wp\/v2\/posts"}],"about":[{"href":"https:\/\/elinformanteperu.com\/index.php\/wp-json\/wp\/v2\/types\/post"}],"author":[{"embeddable":true,"href":"https:\/\/elinformanteperu.com\/index.php\/wp-json\/wp\/v2\/users\/1"}],"replies":[{"embeddable":true,"href":"https:\/\/elinformanteperu.com\/index.php\/wp-json\/wp\/v2\/comments?post=18624"}],"version-history":[{"count":1,"href":"https:\/\/elinformanteperu.com\/index.php\/wp-json\/wp\/v2\/posts\/18624\/revisions"}],"predecessor-version":[{"id":18627,"href":"https:\/\/elinformanteperu.com\/index.php\/wp-json\/wp\/v2\/posts\/18624\/revisions\/18627"}],"wp:featuredmedia":[{"embeddable":true,"href":"https:\/\/elinformanteperu.com\/index.php\/wp-json\/wp\/v2\/media\/18625"}],"wp:attachment":[{"href":"https:\/\/elinformanteperu.com\/index.php\/wp-json\/wp\/v2\/media?parent=18624"}],"wp:term":[{"taxonomy":"category","embeddable":true,"href":"https:\/\/elinformanteperu.com\/index.php\/wp-json\/wp\/v2\/categories?post=18624"},{"taxonomy":"post_tag","embeddable":true,"href":"https:\/\/elinformanteperu.com\/index.php\/wp-json\/wp\/v2\/tags?post=18624"}],"curies":[{"name":"wp","href":"https:\/\/api.w.org\/{rel}","templated":true}]}}