{"id":18600,"date":"2017-11-15T00:33:20","date_gmt":"2017-11-15T05:33:20","guid":{"rendered":"http:\/\/elinformanteperu.com\/?p=18600"},"modified":"2017-11-15T00:33:59","modified_gmt":"2017-11-15T05:33:59","slug":"kuczynski-nunca-he-recibido-aporte-alguno-de-odebrecht-para-campanas-electorales","status":"publish","type":"post","link":"https:\/\/elinformanteperu.com\/index.php\/2017\/11\/15\/kuczynski-nunca-he-recibido-aporte-alguno-de-odebrecht-para-campanas-electorales\/","title":{"rendered":"Kuczynski: nunca he recibido aporte alguno de Odebrecht para campa\u00f1as electorales"},"content":{"rendered":"<p><strong><span style=\"color: #000000;\">El presidente, Pedro Pablo Kuczynski, asegur\u00f3 que nunca recibi\u00f3 aportes para sus campa\u00f1as electorales de 2011 y 2016 por parte de la empresa Odebrecht.<\/span><\/strong><\/p>\n<p><span style=\"color: #000000;\"><strong>Lima, 14 Noviembre 2017, (ANDINA).-<\/strong> El presidente de la Rep\u00fablica, Pedro Pablo Kuczynski, asegur\u00f3 que nunca recibi\u00f3 aportes para sus campa\u00f1as electorales de 2011 y 2016 por parte de la empresa Odebrecht, con la cual tampoco ha mantenido v\u00ednculos profesionales.<\/span><\/p>\n<p><span style=\"color: #000000;\">A trav\u00e9s de sus redes sociales, el mandatario coment\u00f3 que el 2011 particip\u00f3 en las elecciones presidenciales como invitado de la Alianza para el Gran Cambio, alianza electoral que, seg\u00fan indic\u00f3, no estuvo entre los favoritos de dicho proceso electoral.<\/span><\/p>\n<p><span style=\"color: #000000;\">\u201cEstoy absolutamente seguro de mis actos. Dejemos que nuestras autoridades fiscales y judiciales trabajen con autonom\u00eda, independencia y libres de presiones pol\u00edticas\u201d, puntualiz\u00f3.<\/span><\/p>\n<p><span style=\"color: #000000;\">Sostuvo, asimismo, que su gobierno est\u00e1 comprometido en la lucha contra la corrupci\u00f3n.<\/span><\/p>\n<p><span style=\"color: #000000;\">Seg\u00fan versiones period\u00edsticas, el empresario Marcelo Odebrecht habr\u00eda declarado a los fiscales peruanos que su empresa hizo aportes a las campa\u00f1as de los candidatos presidenciales que ten\u00edan opciones de ganar las elecciones.<\/span><\/p>\n<p><img fetchpriority=\"high\" decoding=\"async\" class=\"aligncenter size-full wp-image-18602\" src=\"http:\/\/elinformanteperu.com\/wp-content\/uploads\/2017\/11\/tweet-ppk-odebrecht.png\" alt=\"\" width=\"495\" height=\"207\" srcset=\"https:\/\/elinformanteperu.com\/wp-content\/uploads\/2017\/11\/tweet-ppk-odebrecht.png 495w, https:\/\/elinformanteperu.com\/wp-content\/uploads\/2017\/11\/tweet-ppk-odebrecht-300x125.png 300w, https:\/\/elinformanteperu.com\/wp-content\/uploads\/2017\/11\/tweet-ppk-odebrecht-128x54.png 128w, https:\/\/elinformanteperu.com\/wp-content\/uploads\/2017\/11\/tweet-ppk-odebrecht-32x13.png 32w\" sizes=\"(max-width: 495px) 100vw, 495px\" \/><\/p>\n","protected":false},"excerpt":{"rendered":"<p>El presidente, Pedro Pablo Kuczynski, asegur\u00f3 que nunca recibi\u00f3 aportes para sus campa\u00f1as electorales de 2011 y 2016 por parte de la empresa Odebrecht. Lima, 14 Noviembre 2017, (ANDINA).- El presidente de la Rep\u00fablica, Pedro Pablo Kuczynski, asegur\u00f3 que nunca recibi\u00f3 aportes para sus campa\u00f1as electorales de 2011 y 2016 por parte de la empresa [&hellip;]<\/p>\n","protected":false},"author":1,"featured_media":7797,"comment_status":"open","ping_status":"open","sticky":false,"template":"","format":"standard","meta":{"rop_custom_images_group":[],"rop_custom_messages_group":[],"rop_publish_now":"initial","rop_publish_now_accounts":[],"rop_publish_now_history":[],"rop_publish_now_status":"pending","footnotes":""},"categories":[5],"tags":[1409,74,1421],"class_list":["post-18600","post","type-post","status-publish","format-standard","has-post-thumbnail","hentry","category-actualidad-informativa","tag-marcelo-odebrecht","tag-pedro-pablo-kuczynski","tag-poder-ejecutivo"],"_links":{"self":[{"href":"https:\/\/elinformanteperu.com\/index.php\/wp-json\/wp\/v2\/posts\/18600","targetHints":{"allow":["GET"]}}],"collection":[{"href":"https:\/\/elinformanteperu.com\/index.php\/wp-json\/wp\/v2\/posts"}],"about":[{"href":"https:\/\/elinformanteperu.com\/index.php\/wp-json\/wp\/v2\/types\/post"}],"author":[{"embeddable":true,"href":"https:\/\/elinformanteperu.com\/index.php\/wp-json\/wp\/v2\/users\/1"}],"replies":[{"embeddable":true,"href":"https:\/\/elinformanteperu.com\/index.php\/wp-json\/wp\/v2\/comments?post=18600"}],"version-history":[{"count":2,"href":"https:\/\/elinformanteperu.com\/index.php\/wp-json\/wp\/v2\/posts\/18600\/revisions"}],"predecessor-version":[{"id":18603,"href":"https:\/\/elinformanteperu.com\/index.php\/wp-json\/wp\/v2\/posts\/18600\/revisions\/18603"}],"wp:featuredmedia":[{"embeddable":true,"href":"https:\/\/elinformanteperu.com\/index.php\/wp-json\/wp\/v2\/media\/7797"}],"wp:attachment":[{"href":"https:\/\/elinformanteperu.com\/index.php\/wp-json\/wp\/v2\/media?parent=18600"}],"wp:term":[{"taxonomy":"category","embeddable":true,"href":"https:\/\/elinformanteperu.com\/index.php\/wp-json\/wp\/v2\/categories?post=18600"},{"taxonomy":"post_tag","embeddable":true,"href":"https:\/\/elinformanteperu.com\/index.php\/wp-json\/wp\/v2\/tags?post=18600"}],"curies":[{"name":"wp","href":"https:\/\/api.w.org\/{rel}","templated":true}]}}