{"id":18587,"date":"2017-11-15T00:19:04","date_gmt":"2017-11-15T05:19:04","guid":{"rendered":"http:\/\/elinformanteperu.com\/?p=18587"},"modified":"2017-11-15T00:19:04","modified_gmt":"2017-11-15T05:19:04","slug":"alan-garcia-asegura-que-conferencias-dictadas-en-el-extranjero-fueron-investigadas","status":"publish","type":"post","link":"https:\/\/elinformanteperu.com\/index.php\/2017\/11\/15\/alan-garcia-asegura-que-conferencias-dictadas-en-el-extranjero-fueron-investigadas\/","title":{"rendered":"Alan Garc\u00eda asegura que conferencias dictadas en el extranjero fueron investigadas"},"content":{"rendered":"<p><strong><span style=\"color: #000000;\">El expresidente Alan Garc\u00eda neg\u00f3 las presuntas acusaciones en su contra y ratific\u00f3 que ninguna estuvo vinculada a la empresa brasile\u00f1a Odebrecht.<\/span><\/strong><\/p>\n<p><span style=\"color: #000000;\"><strong>Lima, 14 Noviembre 2017, (ANDINA).-<\/strong> El expresidente Alan Garc\u00eda asegur\u00f3 que las conferencias dictadas en el extranjero fueron investigadas por el Congreso y el Ministerio P\u00fablico y ratific\u00f3 que ninguna estuvo vinculada a la empresa brasile\u00f1a Odebrecht.<\/span><\/p>\n<p><span style=\"color: #000000;\">Mediante su cuenta de Twitter, Garc\u00eda precis\u00f3 haber dado m\u00e1s de 30 conferencias en 10 pa\u00edses. Una de ellas, agreg\u00f3, para la Federaci\u00f3n Industrial de Sao Paulo, \u201cNo Odebrecht\u201d, apunt\u00f3.<\/span><\/p>\n<p><span style=\"color: #000000;\">Adem\u00e1s, dijo, todos los contratos, honorarios e impuestos fueron pagados y publicados, asimismo, investigados por el Congreso y la fiscal\u00eda.<\/span><\/p>\n<p><span style=\"color: #000000;\">Seg\u00fan dio a conocer IDL Reporteros, el empresario Marcelo Odebrecht dijo que la constructora brasile\u00f1a pag\u00f3 al ex presidente Alan Garc\u00eda para que dicte conferencias al t\u00e9rmino de su segundo mandato y que las siglas AG aluden al exmandatario aprista.<\/span><\/p>\n","protected":false},"excerpt":{"rendered":"<p>El expresidente Alan Garc\u00eda neg\u00f3 las presuntas acusaciones en su contra y ratific\u00f3 que ninguna estuvo vinculada a la empresa brasile\u00f1a Odebrecht. Lima, 14 Noviembre 2017, (ANDINA).- El expresidente Alan Garc\u00eda asegur\u00f3 que las conferencias dictadas en el extranjero fueron investigadas por el Congreso y el Ministerio P\u00fablico y ratific\u00f3 que ninguna estuvo vinculada a [&hellip;]<\/p>\n","protected":false},"author":1,"featured_media":18588,"comment_status":"open","ping_status":"open","sticky":false,"template":"","format":"standard","meta":{"rop_custom_images_group":[],"rop_custom_messages_group":[],"rop_publish_now":"initial","rop_publish_now_accounts":[],"rop_publish_now_history":[],"rop_publish_now_status":"pending","footnotes":""},"categories":[5],"tags":[854,2428,1409],"class_list":["post-18587","post","type-post","status-publish","format-standard","has-post-thumbnail","hentry","category-actualidad-informativa","tag-alan-garcia","tag-idl-reporteros","tag-marcelo-odebrecht"],"_links":{"self":[{"href":"https:\/\/elinformanteperu.com\/index.php\/wp-json\/wp\/v2\/posts\/18587","targetHints":{"allow":["GET"]}}],"collection":[{"href":"https:\/\/elinformanteperu.com\/index.php\/wp-json\/wp\/v2\/posts"}],"about":[{"href":"https:\/\/elinformanteperu.com\/index.php\/wp-json\/wp\/v2\/types\/post"}],"author":[{"embeddable":true,"href":"https:\/\/elinformanteperu.com\/index.php\/wp-json\/wp\/v2\/users\/1"}],"replies":[{"embeddable":true,"href":"https:\/\/elinformanteperu.com\/index.php\/wp-json\/wp\/v2\/comments?post=18587"}],"version-history":[{"count":1,"href":"https:\/\/elinformanteperu.com\/index.php\/wp-json\/wp\/v2\/posts\/18587\/revisions"}],"predecessor-version":[{"id":18589,"href":"https:\/\/elinformanteperu.com\/index.php\/wp-json\/wp\/v2\/posts\/18587\/revisions\/18589"}],"wp:featuredmedia":[{"embeddable":true,"href":"https:\/\/elinformanteperu.com\/index.php\/wp-json\/wp\/v2\/media\/18588"}],"wp:attachment":[{"href":"https:\/\/elinformanteperu.com\/index.php\/wp-json\/wp\/v2\/media?parent=18587"}],"wp:term":[{"taxonomy":"category","embeddable":true,"href":"https:\/\/elinformanteperu.com\/index.php\/wp-json\/wp\/v2\/categories?post=18587"},{"taxonomy":"post_tag","embeddable":true,"href":"https:\/\/elinformanteperu.com\/index.php\/wp-json\/wp\/v2\/tags?post=18587"}],"curies":[{"name":"wp","href":"https:\/\/api.w.org\/{rel}","templated":true}]}}