{"id":18584,"date":"2017-11-15T00:16:10","date_gmt":"2017-11-15T05:16:10","guid":{"rendered":"http:\/\/elinformanteperu.com\/?p=18584"},"modified":"2017-11-15T00:16:10","modified_gmt":"2017-11-15T05:16:10","slug":"alan-garcia-sera-interrogado-en-diciembre-por-comision-lava-jato-del-congreso","status":"publish","type":"post","link":"https:\/\/elinformanteperu.com\/index.php\/2017\/11\/15\/alan-garcia-sera-interrogado-en-diciembre-por-comision-lava-jato-del-congreso\/","title":{"rendered":"Alan Garc\u00eda ser\u00e1 interrogado en diciembre por Comisi\u00f3n Lava Jato del Congreso"},"content":{"rendered":"<p><strong><span style=\"color: #000000;\">El expresidente Alan Garc\u00eda ser\u00e1 interrogado la primera semana de diciembre por la Comisi\u00f3n Lava Jato del Congreso respecto al caso Odebrecht.<\/span><\/strong><\/p>\n<p><span style=\"color: #000000;\"><strong>Lima, 14 Noviembre 2017, (ANDINA).-<\/strong> El expresidente Alan Garc\u00eda ser\u00e1 interrogado la primera semana de diciembre por la Comisi\u00f3n Lava Jato del Congreso respecto a sus presuntos v\u00ednculos con la empresa brasile\u00f1a Odebrecht inform\u00f3 la presidenta de ese grupo parlamentario, Rosa Bartra.<\/span><\/p>\n<p><span style=\"color: #000000;\">La legisladora dijo a los periodistas que en las pr\u00f3ximas horas se definir\u00e1 el d\u00eda y hora de la citaci\u00f3n a Garc\u00eda.<\/span><\/p>\n<p><span style=\"color: #000000;\">\u201cEl se\u00f1or Garc\u00eda est\u00e1 convocado para la comisi\u00f3n para la primera semana de diciembre\u201d, dijo.<\/span><\/p>\n<p><span style=\"color: #000000;\">Seg\u00fan dio a conocer IDL Reporteros, el empresario Marcelo Odebrecht dijo que la constructora brasile\u00f1a pag\u00f3 al ex presidente Alan Garc\u00eda para que dicte conferencias al t\u00e9rmino de su segundo mandato.<\/span><\/p>\n<p><span style=\"color: #000000;\">Bartra, asimismo, indic\u00f3 que Enrique Cornejo, el exministro Transportes del gobierno aprista, acudir\u00e1 hoy por la tarde al grupo investigador para explicar lo relacionado a las obras efectuadas por Odebrecht durante ese periodo y que han sido duramente cuestionadas por corrupci\u00f3n.<\/span><\/p>\n<p><span style=\"color: #000000;\">Seg\u00fan indic\u00f3 Bartha, insistir\u00e1 en su pedido para que la fiscal\u00eda haga p\u00fablica la declaraci\u00f3n de Marcelo Odebrecht, tomada en la ciudad de Curitiba, Brasil.<\/span><\/p>\n<p><span style=\"color: #000000;\">La raz\u00f3n, a\u00f1adi\u00f3, es conocer la verdad.<\/span><\/p>\n<p><span style=\"color: #000000;\">Remarc\u00f3 la complejidad de la investigaci\u00f3n y pidi\u00f3 no especular sino esperar a tener la versi\u00f3n completa de la declaraci\u00f3n del empresario brasile\u00f1o.<\/span><\/p>\n<p><span style=\"color: #000000;\">\u201cNo hay que especular, hay que esperar la versi\u00f3n completa de la declaraci\u00f3n de Marcelo Odebrecht\u201d, expres\u00f3.<\/span><\/p>\n","protected":false},"excerpt":{"rendered":"<p>El expresidente Alan Garc\u00eda ser\u00e1 interrogado la primera semana de diciembre por la Comisi\u00f3n Lava Jato del Congreso respecto al caso Odebrecht. Lima, 14 Noviembre 2017, (ANDINA).- El expresidente Alan Garc\u00eda ser\u00e1 interrogado la primera semana de diciembre por la Comisi\u00f3n Lava Jato del Congreso respecto a sus presuntos v\u00ednculos con la empresa brasile\u00f1a Odebrecht [&hellip;]<\/p>\n","protected":false},"author":1,"featured_media":18585,"comment_status":"open","ping_status":"open","sticky":false,"template":"","format":"standard","meta":{"rop_custom_images_group":[],"rop_custom_messages_group":[],"rop_publish_now":"initial","rop_publish_now_accounts":[],"rop_publish_now_history":[],"rop_publish_now_status":"pending","footnotes":""},"categories":[5],"tags":[854,1409,525],"class_list":["post-18584","post","type-post","status-publish","format-standard","has-post-thumbnail","hentry","category-actualidad-informativa","tag-alan-garcia","tag-marcelo-odebrecht","tag-rosa-bartra"],"_links":{"self":[{"href":"https:\/\/elinformanteperu.com\/index.php\/wp-json\/wp\/v2\/posts\/18584","targetHints":{"allow":["GET"]}}],"collection":[{"href":"https:\/\/elinformanteperu.com\/index.php\/wp-json\/wp\/v2\/posts"}],"about":[{"href":"https:\/\/elinformanteperu.com\/index.php\/wp-json\/wp\/v2\/types\/post"}],"author":[{"embeddable":true,"href":"https:\/\/elinformanteperu.com\/index.php\/wp-json\/wp\/v2\/users\/1"}],"replies":[{"embeddable":true,"href":"https:\/\/elinformanteperu.com\/index.php\/wp-json\/wp\/v2\/comments?post=18584"}],"version-history":[{"count":1,"href":"https:\/\/elinformanteperu.com\/index.php\/wp-json\/wp\/v2\/posts\/18584\/revisions"}],"predecessor-version":[{"id":18586,"href":"https:\/\/elinformanteperu.com\/index.php\/wp-json\/wp\/v2\/posts\/18584\/revisions\/18586"}],"wp:featuredmedia":[{"embeddable":true,"href":"https:\/\/elinformanteperu.com\/index.php\/wp-json\/wp\/v2\/media\/18585"}],"wp:attachment":[{"href":"https:\/\/elinformanteperu.com\/index.php\/wp-json\/wp\/v2\/media?parent=18584"}],"wp:term":[{"taxonomy":"category","embeddable":true,"href":"https:\/\/elinformanteperu.com\/index.php\/wp-json\/wp\/v2\/categories?post=18584"},{"taxonomy":"post_tag","embeddable":true,"href":"https:\/\/elinformanteperu.com\/index.php\/wp-json\/wp\/v2\/tags?post=18584"}],"curies":[{"name":"wp","href":"https:\/\/api.w.org\/{rel}","templated":true}]}}