{"id":18579,"date":"2017-11-15T00:10:03","date_gmt":"2017-11-15T05:10:03","guid":{"rendered":"http:\/\/elinformanteperu.com\/?p=18579"},"modified":"2017-11-15T00:10:03","modified_gmt":"2017-11-15T05:10:03","slug":"nueva-filtracion-pone-en-aprietos-a-presidente-y-politicos-peruanos","status":"publish","type":"post","link":"https:\/\/elinformanteperu.com\/index.php\/2017\/11\/15\/nueva-filtracion-pone-en-aprietos-a-presidente-y-politicos-peruanos\/","title":{"rendered":"Nueva filtraci\u00f3n pone en aprietos a presidente y pol\u00edticos peruanos"},"content":{"rendered":"<p><strong><span style=\"color: #000000;\">Nuevas filtraciones sobre lo declarado a fiscales peruanos por el empresario brasile\u00f1o Marcelo Odebrecht pusieron en aprietos al presidente Pedro Pablo Kuczynski y a los l\u00edderes Alan Garc\u00eda y Keiko Fujimori.<\/span><\/strong><\/p>\n<p><span style=\"color: #000000;\"><strong>Lima, 14 Noviembre 2017, (PL).-<\/strong> Nuevas filtraciones sobre lo declarado a fiscales peruanos por el empresario brasile\u00f1o Marcelo Odebrecht pusieron en aprietos al presidente Pedro Pablo Kuczynski y a los l\u00edderes neoliberales Alan Garc\u00eda y Keiko Fujimori.<\/span><\/p>\n<p><span style=\"color: #000000;\">Un informe del portal de Internet IDL-Reporteros asever\u00f3 que Odebrecht afirm\u00f3 que su empresa contrat\u00f3 como consultor a Kuczynski antes que fuera mandatario y financi\u00f3 electoralmente a Fujimori y Garc\u00eda, sin descartar el pago de sobornos a este.<\/span><\/p>\n<p><span style=\"color: #000000;\">El medio, que antes hizo importantes revelaciones sobre el caso, en esta oportunidad afirma que cruz\u00f3 diversas fuentes. El hombre de negocios brasile\u00f1o se quej\u00f3 de los ataques a su empresa en Per\u00fa y que esta contrat\u00f3 a Kuczynski como consultor.<\/span><\/p>\n<p><span style=\"color: #000000;\">Seg\u00fan el informe, el empresario relat\u00f3 que el actual presidente, cuando era jefe de gobierno y ministro de Econom\u00eda de la administraci\u00f3n de Alejandro Toledo (2011-06), se opuso a un proyecto vial por cuya ejecuci\u00f3n Odebrecht confirm\u00f3 que pag\u00f3 a Toledo un soborno de 20 millones de d\u00f3lares.<\/span><\/p>\n<p><span style=\"color: #000000;\">El ahora gobernante mantuvo esa posici\u00f3n, seg\u00fan el reporte, cuando presid\u00eda el comit\u00e9 estatal de inversiones que, bajo su presidencia, aprob\u00f3 en una sesi\u00f3n de apenas 18 minutos, la contrataci\u00f3n de Odebrecht para la obra, y posteriormente justific\u00f3 la medida.<\/span><\/p>\n<p><span style=\"color: #000000;\">De acuerdo con el medio de Internet, el interrogado agreg\u00f3 que cuando Kuczynski dej\u00f3 de ser ministro, la empresa lo contrat\u00f3 como consultor en temas econ\u00f3micos &#8216;para curar heridas&#8217; y, por cuestiones tributarias, le pag\u00f3 con la caja dedicada a operaciones encubiertas, como los sobornos.<\/span><\/p>\n<p><span style=\"color: #000000;\">El jefe de Estado se niega a que una comisi\u00f3n parlamentaria anticorrupci\u00f3n lo interrogue directamente sobre su participaci\u00f3n en aquel contrato y solo acepta responder por escrito.<\/span><\/p>\n<p><span style=\"color: #000000;\">&#8216;Yo no he recibido nada de Odebrecht, estoy totalmente tranquilo&#8217;, dijo el mandatario en marzo sobre versiones en torno a fondos recibidos por empresas con las que estaba vinculado.<\/span><\/p>\n<p><span style=\"color: #000000;\">La versi\u00f3n a\u00f1ade que cuando le preguntaron si la empresa aport\u00f3 a la campa\u00f1a electoral presidencial de 2011, Odebrecht solo contest\u00f3 que &#8216;si ha estado en los primeros puestos, tengo la certeza que s\u00ed&#8217; y sobre los detalles del apoyo, dijo que los manej\u00f3 su representante en Per\u00fa, Jorge Barata.<\/span><\/p>\n<p><span style=\"color: #000000;\">Kuczynski neg\u00f3 en agosto que recibi\u00f3 tal financiamiento. &#8216;No he recibido nada de ellos&#8217;, reiter\u00f3 y agreg\u00f3 que &#8216;yo andaba bajo en las encuestas y para qu\u00e9 desperdiciar la plata en alguien que va a perder&#8217;.<\/span><\/p>\n","protected":false},"excerpt":{"rendered":"<p>Nuevas filtraciones sobre lo declarado a fiscales peruanos por el empresario brasile\u00f1o Marcelo Odebrecht pusieron en aprietos al presidente Pedro Pablo Kuczynski y a los l\u00edderes Alan Garc\u00eda y Keiko Fujimori. Lima, 14 Noviembre 2017, (PL).- Nuevas filtraciones sobre lo declarado a fiscales peruanos por el empresario brasile\u00f1o Marcelo Odebrecht pusieron en aprietos al presidente [&hellip;]<\/p>\n","protected":false},"author":1,"featured_media":18580,"comment_status":"open","ping_status":"open","sticky":false,"template":"","format":"standard","meta":{"rop_custom_images_group":[],"rop_custom_messages_group":[],"rop_publish_now":"initial","rop_publish_now_accounts":[],"rop_publish_now_history":[],"rop_publish_now_status":"pending","footnotes":""},"categories":[5],"tags":[854,557,1409,74],"class_list":["post-18579","post","type-post","status-publish","format-standard","has-post-thumbnail","hentry","category-actualidad-informativa","tag-alan-garcia","tag-keiko-fujimori","tag-marcelo-odebrecht","tag-pedro-pablo-kuczynski"],"_links":{"self":[{"href":"https:\/\/elinformanteperu.com\/index.php\/wp-json\/wp\/v2\/posts\/18579","targetHints":{"allow":["GET"]}}],"collection":[{"href":"https:\/\/elinformanteperu.com\/index.php\/wp-json\/wp\/v2\/posts"}],"about":[{"href":"https:\/\/elinformanteperu.com\/index.php\/wp-json\/wp\/v2\/types\/post"}],"author":[{"embeddable":true,"href":"https:\/\/elinformanteperu.com\/index.php\/wp-json\/wp\/v2\/users\/1"}],"replies":[{"embeddable":true,"href":"https:\/\/elinformanteperu.com\/index.php\/wp-json\/wp\/v2\/comments?post=18579"}],"version-history":[{"count":1,"href":"https:\/\/elinformanteperu.com\/index.php\/wp-json\/wp\/v2\/posts\/18579\/revisions"}],"predecessor-version":[{"id":18581,"href":"https:\/\/elinformanteperu.com\/index.php\/wp-json\/wp\/v2\/posts\/18579\/revisions\/18581"}],"wp:featuredmedia":[{"embeddable":true,"href":"https:\/\/elinformanteperu.com\/index.php\/wp-json\/wp\/v2\/media\/18580"}],"wp:attachment":[{"href":"https:\/\/elinformanteperu.com\/index.php\/wp-json\/wp\/v2\/media?parent=18579"}],"wp:term":[{"taxonomy":"category","embeddable":true,"href":"https:\/\/elinformanteperu.com\/index.php\/wp-json\/wp\/v2\/categories?post=18579"},{"taxonomy":"post_tag","embeddable":true,"href":"https:\/\/elinformanteperu.com\/index.php\/wp-json\/wp\/v2\/tags?post=18579"}],"curies":[{"name":"wp","href":"https:\/\/api.w.org\/{rel}","templated":true}]}}