{"id":18572,"date":"2017-11-14T23:48:09","date_gmt":"2017-11-15T04:48:09","guid":{"rendered":"http:\/\/elinformanteperu.com\/?p=18572"},"modified":"2017-11-14T23:50:29","modified_gmt":"2017-11-15T04:50:29","slug":"este-jueves-seria-declarado-feriado-si-peru-logra-clasificarse-para-el-mundial","status":"publish","type":"post","link":"https:\/\/elinformanteperu.com\/index.php\/2017\/11\/14\/este-jueves-seria-declarado-feriado-si-peru-logra-clasificarse-para-el-mundial\/","title":{"rendered":"Este jueves ser\u00eda declarado feriado si Per\u00fa logra clasificarse para el Mundial"},"content":{"rendered":"<p><strong><span style=\"color: #000000;\"> El Ministerio de Trabajo inform\u00f3 que si la selecci\u00f3n peruana\u00a0 consigue la clasificaci\u00f3n para el Mundial de Rusia 2018, se declarar\u00eda feriado no laborable el jueves 16 de noviembre.<\/span><\/strong><\/p>\n<p><span style=\"color: #000000;\"><strong>Lima, 14 Noviembre 2017, (ANDINA).-<\/strong> El Ministerio de Trabajo y Promoci\u00f3n del Empleo inform\u00f3 que si la selecci\u00f3n peruana de f\u00fatbol consigue la clasificaci\u00f3n para el Mundial de Rusia 2018, se declarar\u00eda feriado no laborable a escala nacional el jueves 16 de noviembre.<\/span><\/p>\n<p><span style=\"color: #000000;\">A trav\u00e9s de un comunicado publicado en la cuenta oficial de Twitter, se inform\u00f3 que este d\u00eda ser\u00e1 sujeto a compensaci\u00f3n de parte de los trabajadores.<\/span><\/p>\n<p><span style=\"color: #000000;\">Dicho feriado ser\u00e1 obligatorio para el sector p\u00fablico y opcional para el sector privado, de lograrse la ansiada clasificaci\u00f3n para el Mundial.<\/span><\/p>\n<p><span style=\"color: #000000;\">La recuperaci\u00f3n de horas se sujetar\u00e1 a par\u00e1metros de razonabilidad y no afectar\u00e1 el descanso semanal obligatorio del trabajador.<\/span><\/p>\n<p><span style=\"color: #000000;\">Se menciona que este logro hist\u00f3rico generar\u00eda uni\u00f3n y algarab\u00eda en el \u00e1mbito nacional, ya que hace m\u00e1s de 35 a\u00f1os que el Per\u00fa no participa en un evento de esta magnitud.<\/span><\/p>\n<p><span style=\"color: #000000;\">En el comunicado se resalta que, de lograrse el objetivo, ser\u00eda necesario adoptar medidas que faciliten la natural celebraci\u00f3n de esta clasificaci\u00f3n, en el marco de un adecuado orden y seguridad ciudadana.<\/span><\/p>\n<p><img fetchpriority=\"high\" decoding=\"async\" class=\"aligncenter size-full wp-image-18575\" src=\"http:\/\/elinformanteperu.com\/wp-content\/uploads\/2017\/11\/MTPE-feriado-por-clasificacion.jpg\" alt=\"\" width=\"496\" height=\"373\" srcset=\"https:\/\/elinformanteperu.com\/wp-content\/uploads\/2017\/11\/MTPE-feriado-por-clasificacion.jpg 496w, https:\/\/elinformanteperu.com\/wp-content\/uploads\/2017\/11\/MTPE-feriado-por-clasificacion-300x226.jpg 300w, https:\/\/elinformanteperu.com\/wp-content\/uploads\/2017\/11\/MTPE-feriado-por-clasificacion-128x96.jpg 128w, https:\/\/elinformanteperu.com\/wp-content\/uploads\/2017\/11\/MTPE-feriado-por-clasificacion-32x24.jpg 32w\" sizes=\"(max-width: 496px) 100vw, 496px\" \/><\/p>\n","protected":false},"excerpt":{"rendered":"<p>El Ministerio de Trabajo inform\u00f3 que si la selecci\u00f3n peruana\u00a0 consigue la clasificaci\u00f3n para el Mundial de Rusia 2018, se declarar\u00eda feriado no laborable el jueves 16 de noviembre. Lima, 14 Noviembre 2017, (ANDINA).- El Ministerio de Trabajo y Promoci\u00f3n del Empleo inform\u00f3 que si la selecci\u00f3n peruana de f\u00fatbol consigue la clasificaci\u00f3n para el [&hellip;]<\/p>\n","protected":false},"author":1,"featured_media":16521,"comment_status":"open","ping_status":"open","sticky":false,"template":"","format":"standard","meta":{"rop_custom_images_group":[],"rop_custom_messages_group":[],"rop_publish_now":"initial","rop_publish_now_accounts":[],"rop_publish_now_history":[],"rop_publish_now_status":"pending","footnotes":""},"categories":[5],"tags":[328,320,2249],"class_list":["post-18572","post","type-post","status-publish","format-standard","has-post-thumbnail","hentry","category-actualidad-informativa","tag-ministerio-de-de-educacion","tag-ministerio-de-trabajo","tag-repechaje-peru-nueva-zelanda"],"_links":{"self":[{"href":"https:\/\/elinformanteperu.com\/index.php\/wp-json\/wp\/v2\/posts\/18572","targetHints":{"allow":["GET"]}}],"collection":[{"href":"https:\/\/elinformanteperu.com\/index.php\/wp-json\/wp\/v2\/posts"}],"about":[{"href":"https:\/\/elinformanteperu.com\/index.php\/wp-json\/wp\/v2\/types\/post"}],"author":[{"embeddable":true,"href":"https:\/\/elinformanteperu.com\/index.php\/wp-json\/wp\/v2\/users\/1"}],"replies":[{"embeddable":true,"href":"https:\/\/elinformanteperu.com\/index.php\/wp-json\/wp\/v2\/comments?post=18572"}],"version-history":[{"count":3,"href":"https:\/\/elinformanteperu.com\/index.php\/wp-json\/wp\/v2\/posts\/18572\/revisions"}],"predecessor-version":[{"id":18576,"href":"https:\/\/elinformanteperu.com\/index.php\/wp-json\/wp\/v2\/posts\/18572\/revisions\/18576"}],"wp:featuredmedia":[{"embeddable":true,"href":"https:\/\/elinformanteperu.com\/index.php\/wp-json\/wp\/v2\/media\/16521"}],"wp:attachment":[{"href":"https:\/\/elinformanteperu.com\/index.php\/wp-json\/wp\/v2\/media?parent=18572"}],"wp:term":[{"taxonomy":"category","embeddable":true,"href":"https:\/\/elinformanteperu.com\/index.php\/wp-json\/wp\/v2\/categories?post=18572"},{"taxonomy":"post_tag","embeddable":true,"href":"https:\/\/elinformanteperu.com\/index.php\/wp-json\/wp\/v2\/tags?post=18572"}],"curies":[{"name":"wp","href":"https:\/\/api.w.org\/{rel}","templated":true}]}}