{"id":18518,"date":"2017-11-14T19:33:50","date_gmt":"2017-11-15T00:33:50","guid":{"rendered":"http:\/\/elinformanteperu.com\/?p=18518"},"modified":"2017-11-14T19:33:50","modified_gmt":"2017-11-15T00:33:50","slug":"latinoamerica-produce-80-de-cacao-prime-del-mundo","status":"publish","type":"post","link":"https:\/\/elinformanteperu.com\/index.php\/2017\/11\/14\/latinoamerica-produce-80-de-cacao-prime-del-mundo\/","title":{"rendered":"Latinoam\u00e9rica produce 80% de \u00abcacao prime\u00bb del mundo"},"content":{"rendered":"<p><strong><span style=\"color: #000000;\">Ante el desaf\u00edo de dise\u00f1ar un mecanismo de inteligencia para desarrollar el mercado del cacao fino y de aroma, CAF y Minagri lanzan el Observatorio de la Iniciativa Latinoamericana de Cacao (ILAC).<\/span><\/strong><\/p>\n<p><strong><span style=\"color: #000000;\">Lima, 14 Noviembre 2017, (El Informante Per\u00fa).-<\/span><\/strong><br \/>\n<span style=\"color: #000000;\"> Am\u00e9rica Latina es la principal regi\u00f3n productora de las variedades \u201cprime\u201d de cacao a nivel internacional, con cerca del 80% de la producci\u00f3n mundial, debido principalmente a su diversidad gen\u00e9tica.<\/span><\/p>\n<p><span style=\"color: #000000;\">Seg\u00fan, datos de la Organizaci\u00f3n Internacional del Cacao (ICCO), entre 70% y 100% del total de la exportaci\u00f3n de cacao de pa\u00edses como Bolivia, Colombia, Costa Rica, Ecuador, Per\u00fa y M\u00e9xico corresponde a estas variedades especiales de cacao. Sin embargo, existen importantes desaf\u00edos para consolidar una posici\u00f3n competitiva de la regi\u00f3n en este promisor segmento del mercado.<\/span><\/p>\n<p><span style=\"color: #000000;\">As\u00ed lo revelaron Eleonora Silva Pardo, directora representante de CAF en Per\u00fa, y Jaime Salom\u00f3n Salom\u00f3n, viceministro de Desarrollo e Infraestructura Agraria y Riego, al lanzar el Observatorio de la Iniciativa Latinoamericana del Cacao (ILAC), en el marco del \u201cSimposio Internacional sobre Investigaci\u00f3n Cacaotera\u201d, que se desarrolla del 13 al 17 de noviembre y re\u00fane a m\u00e1s de 500 participantes, principalmente delegaciones que representar\u00e1n a las potencias productoras de cacao en el mundo como Ghana, Brasil, Costa de Marfil, M\u00e9xico, entre otros.<\/span><\/p>\n<p><span style=\"color: #000000;\">Silva Pardo record\u00f3 que CAF impuls\u00f3 en el a\u00f1o 2016 la Iniciativa Latinoamericana del Cacao (ILAC), a fin de promover el desarrollo del cacao como actividad econ\u00f3mica sostenible y elemento integrador de los pueblos que ancestralmente lo han utilizado en la regi\u00f3n y actualmente conformado por: Per\u00fa, Bolivia, Brasil, Colombia, Costa Rica, Ecuador, Rep\u00fablica Dominicana y Panam\u00e1.<\/span><\/p>\n<p><span style=\"color: #000000;\">Tras referir que un 90% de producci\u00f3n del cacao se sustenta en actividades familiares de baja escala de menos de cinco hect\u00e1reas, la directora de CAF detall\u00f3 que en los referidos pa\u00edses se cultivan alrededor de 1,7 millones de hect\u00e1reas, e indic\u00f3 que las exportaciones a mercados de Europa y Estados Unidos, principalmente, bordean las 745 TM y equivalen a unos USD 985 millones.<\/span><\/p>\n<p><span style=\"color: #000000;\">\u201cEl cultivo del cacao beneficia directamente a 329.607 productores, pero promueve indirectamente la inclusi\u00f3n econ\u00f3mica y mejora en los est\u00e1ndares de vida de m\u00e1s de tres millones de latinoamericanos\u00bb, puntualiz\u00f3 Silva Pardo.<\/span><\/p>\n<p><img fetchpriority=\"high\" decoding=\"async\" class=\"aligncenter size-full wp-image-18520\" src=\"http:\/\/elinformanteperu.com\/wp-content\/uploads\/2017\/11\/CAF-ELEONORA-SILVA-CACAO.jpg\" alt=\"\" width=\"1772\" height=\"1181\" srcset=\"https:\/\/elinformanteperu.com\/wp-content\/uploads\/2017\/11\/CAF-ELEONORA-SILVA-CACAO.jpg 1772w, https:\/\/elinformanteperu.com\/wp-content\/uploads\/2017\/11\/CAF-ELEONORA-SILVA-CACAO-300x200.jpg 300w, https:\/\/elinformanteperu.com\/wp-content\/uploads\/2017\/11\/CAF-ELEONORA-SILVA-CACAO-768x512.jpg 768w, https:\/\/elinformanteperu.com\/wp-content\/uploads\/2017\/11\/CAF-ELEONORA-SILVA-CACAO-1024x682.jpg 1024w, https:\/\/elinformanteperu.com\/wp-content\/uploads\/2017\/11\/CAF-ELEONORA-SILVA-CACAO-128x85.jpg 128w, https:\/\/elinformanteperu.com\/wp-content\/uploads\/2017\/11\/CAF-ELEONORA-SILVA-CACAO-32x21.jpg 32w\" sizes=\"(max-width: 1772px) 100vw, 1772px\" \/><\/p>\n","protected":false},"excerpt":{"rendered":"<p>Ante el desaf\u00edo de dise\u00f1ar un mecanismo de inteligencia para desarrollar el mercado del cacao fino y de aroma, CAF y Minagri lanzan el Observatorio de la Iniciativa Latinoamericana de Cacao (ILAC). Lima, 14 Noviembre 2017, (El Informante Per\u00fa).- Am\u00e9rica Latina es la principal regi\u00f3n productora de las variedades \u201cprime\u201d de cacao a nivel internacional, [&hellip;]<\/p>\n","protected":false},"author":1,"featured_media":18519,"comment_status":"open","ping_status":"open","sticky":false,"template":"","format":"standard","meta":{"rop_custom_images_group":[],"rop_custom_messages_group":[],"rop_publish_now":"initial","rop_publish_now_accounts":[],"rop_publish_now_history":[],"rop_publish_now_status":"pending","footnotes":""},"categories":[5],"tags":[249],"class_list":["post-18518","post","type-post","status-publish","format-standard","has-post-thumbnail","hentry","category-actualidad-informativa","tag-caf"],"_links":{"self":[{"href":"https:\/\/elinformanteperu.com\/index.php\/wp-json\/wp\/v2\/posts\/18518","targetHints":{"allow":["GET"]}}],"collection":[{"href":"https:\/\/elinformanteperu.com\/index.php\/wp-json\/wp\/v2\/posts"}],"about":[{"href":"https:\/\/elinformanteperu.com\/index.php\/wp-json\/wp\/v2\/types\/post"}],"author":[{"embeddable":true,"href":"https:\/\/elinformanteperu.com\/index.php\/wp-json\/wp\/v2\/users\/1"}],"replies":[{"embeddable":true,"href":"https:\/\/elinformanteperu.com\/index.php\/wp-json\/wp\/v2\/comments?post=18518"}],"version-history":[{"count":1,"href":"https:\/\/elinformanteperu.com\/index.php\/wp-json\/wp\/v2\/posts\/18518\/revisions"}],"predecessor-version":[{"id":18521,"href":"https:\/\/elinformanteperu.com\/index.php\/wp-json\/wp\/v2\/posts\/18518\/revisions\/18521"}],"wp:featuredmedia":[{"embeddable":true,"href":"https:\/\/elinformanteperu.com\/index.php\/wp-json\/wp\/v2\/media\/18519"}],"wp:attachment":[{"href":"https:\/\/elinformanteperu.com\/index.php\/wp-json\/wp\/v2\/media?parent=18518"}],"wp:term":[{"taxonomy":"category","embeddable":true,"href":"https:\/\/elinformanteperu.com\/index.php\/wp-json\/wp\/v2\/categories?post=18518"},{"taxonomy":"post_tag","embeddable":true,"href":"https:\/\/elinformanteperu.com\/index.php\/wp-json\/wp\/v2\/tags?post=18518"}],"curies":[{"name":"wp","href":"https:\/\/api.w.org\/{rel}","templated":true}]}}